{"id":22755,"date":"2025-07-15T17:24:13","date_gmt":"2025-07-15T23:24:13","guid":{"rendered":"https:\/\/zonalimitrofe-cbnr.com\/?p=22755"},"modified":"2025-07-15T17:24:13","modified_gmt":"2025-07-15T23:24:13","slug":"lerdo-inauguran-exposicion-de-fotografia-danzas-tradicionales-de-la-laguna-en-presidencia-de-lerdo","status":"publish","type":"post","link":"https:\/\/zonalimitrofe-cbnr.com\/index.php\/2025\/07\/15\/lerdo-inauguran-exposicion-de-fotografia-danzas-tradicionales-de-la-laguna-en-presidencia-de-lerdo\/","title":{"rendered":"#Lerdo. INAUGURAN EXPOSICI\u00d3N DE FOTOGRAF\u00cdA \u201cDANZAS TRADICIONALES DE LA LAGUNA\u201d EN PRESIDENCIA DE LERDO*"},"content":{"rendered":"\n<p>Lerdo, 15 de julio 2025.- Continuando con los festejos del Aniversario n\u00famero 37 de la Fundaci\u00f3n de la Unidad Regional de Culturas Populares, la tarde del pasado lunes se inaugur\u00f3 la exposici\u00f3n fotogr\u00e1fica titulada, \u201cDanzas tradicionales de La Laguna\u201d al interior de la Presidencia Municipal de Lerdo.<\/p>\n\n\n\n<p>Durante el evento se cont\u00f3 con la presencia de la Maestra Tania Mena Ba\u00f1uelos, Jefa Nacional de las Unidades Regionales de Culturas Populares Ind\u00edgenas y Urbanas, perteneciente a la Secretar\u00eda de Cultura del Gobierno de M\u00e9xico; as\u00ed como del Secretario del Ayuntamiento Jes\u00fas Eduardo Lara Urby, en representaci\u00f3n del Presidente Municipal Homero Mart\u00ednez Cabrera; y el director de Arte y Cultura en el Municipio de Lerdo, H\u00e9ctor Escamilla \u00c1vila.<\/p>\n\n\n\n<p>Adem\u00e1s, se hicieron acompa\u00f1ar de los grupos de danza Santo Madero de El Huarache, Azteca, Don Polo, Pulgarin, entre otras, que aparecen en las fotograf\u00edas.<\/p>\n\n\n\n<p>En total, se presentan 12 im\u00e1genes en lienzo, que retratan la belleza de la danza, las expresiones, el movimiento congelado de los carrizos al danzar, los coloridos penachos adornados con plumas, flores y cuencas, entre otros detalles. Las obras estar\u00e1n en exhibici\u00f3n durante toda la semana, hasta el viernes 18 de julio.<\/p>\n","protected":false},"excerpt":{"rendered":"<p>Lerdo, 15 de julio 2025.- Continuando con los festejos del Aniversario n\u00famero 37 de la Fundaci\u00f3n de la Unidad Regional de Culturas Populares, la tarde del pasado lunes se inaugur\u00f3 la exposici\u00f3n fotogr\u00e1fica titulada, \u201cDanzas tradicionales de La Laguna\u201d al interior de la Presidencia Municipal de Lerdo. Durante el evento se cont\u00f3 con la presencia [&hellip;]<\/p>\n","protected":false},"author":1,"featured_media":22756,"comment_status":"open","ping_status":"open","sticky":false,"template":"","format":"standard","meta":{"_monsterinsights_skip_tracking":false,"_monsterinsights_sitenote_active":false,"_monsterinsights_sitenote_note":"","_monsterinsights_sitenote_category":0,"footnotes":""},"categories":[1],"tags":[],"_links":{"self":[{"href":"https:\/\/zonalimitrofe-cbnr.com\/index.php\/wp-json\/wp\/v2\/posts\/22755"}],"collection":[{"href":"https:\/\/zonalimitrofe-cbnr.com\/index.php\/wp-json\/wp\/v2\/posts"}],"about":[{"href":"https:\/\/zonalimitrofe-cbnr.com\/index.php\/wp-json\/wp\/v2\/types\/post"}],"author":[{"embeddable":true,"href":"https:\/\/zonalimitrofe-cbnr.com\/index.php\/wp-json\/wp\/v2\/users\/1"}],"replies":[{"embeddable":true,"href":"https:\/\/zonalimitrofe-cbnr.com\/index.php\/wp-json\/wp\/v2\/comments?post=22755"}],"version-history":[{"count":1,"href":"https:\/\/zonalimitrofe-cbnr.com\/index.php\/wp-json\/wp\/v2\/posts\/22755\/revisions"}],"predecessor-version":[{"id":22757,"href":"https:\/\/zonalimitrofe-cbnr.com\/index.php\/wp-json\/wp\/v2\/posts\/22755\/revisions\/22757"}],"wp:featuredmedia":[{"embeddable":true,"href":"https:\/\/zonalimitrofe-cbnr.com\/index.php\/wp-json\/wp\/v2\/media\/22756"}],"wp:attachment":[{"href":"https:\/\/zonalimitrofe-cbnr.com\/index.php\/wp-json\/wp\/v2\/media?parent=22755"}],"wp:term":[{"taxonomy":"category","embeddable":true,"href":"https:\/\/zonalimitrofe-cbnr.com\/index.php\/wp-json\/wp\/v2\/categories?post=22755"},{"taxonomy":"post_tag","embeddable":true,"href":"https:\/\/zonalimitrofe-cbnr.com\/index.php\/wp-json\/wp\/v2\/tags?post=22755"}],"curies":[{"name":"wp","href":"https:\/\/api.w.org\/{rel}","templated":true}]}}