{"id":22749,"date":"2025-07-15T17:15:57","date_gmt":"2025-07-15T23:15:57","guid":{"rendered":"https:\/\/zonalimitrofe-cbnr.com\/?p=22749"},"modified":"2025-07-15T17:15:57","modified_gmt":"2025-07-15T23:15:57","slug":"durango-gobierno-de-esteban-promueve-la-cultura-ambiental-a-traves-del-reciclaton-laguna-2025","status":"publish","type":"post","link":"https:\/\/zonalimitrofe-cbnr.com\/index.php\/2025\/07\/15\/durango-gobierno-de-esteban-promueve-la-cultura-ambiental-a-traves-del-reciclaton-laguna-2025\/","title":{"rendered":"#Durango. Gobierno de Esteban promueve la cultura ambiental a trav\u00e9s del Reciclat\u00f3n Laguna 2025"},"content":{"rendered":"\n<ul>\n<li>Laguneros se unen al Reciclat\u00f3n 2025 al llevar sus art\u00edculos electr\u00f3nicos de desecho a los centros de acopio para darles una segunda vida.<\/li>\n<\/ul>\n\n\n\n<p>Comarca Lagunera.- El Gobierno del Estado encabezado por Esteban Villegas Villarreal, a trav\u00e9s la Secretar\u00eda de Recursos Naturales y Medio Ambiente de Durango (SRNMA), llev\u00f3 a cabo dos reciclatones en los municipios de Lerdo y G\u00f3mez Palacio, logrando la recolecci\u00f3n de m\u00e1s de 7 toneladas de desechos electr\u00f3nicos y 300 kilogramos de pilas.<\/p>\n\n\n\n<p>As\u00ed lo inform\u00f3 el subsecretario de Medio Ambiente, Felipe Norberto Coria Qui\u00f1ones, quien estuvo en La Laguna con la representaci\u00f3n de Claudia Ernestina Hern\u00e1ndez Espino, secretaria de Recursos Naturales y Medio Ambiente en Durango. Indic\u00f3 que, los aparatos reunidos ser\u00e1n correctamente desmantelados y reciclados, evitando que contaminen el entorno; y a cambio de la aportaci\u00f3n, se entregaron mil 500 \u00e1rboles de especies como: pino, cedro blanco, pir\u00fal, rosa laurel, palma y frutales de guayabo y naranjo.<\/p>\n\n\n\n<p>Por su parte, Jes\u00fas Mart\u00ednez Mart\u00ednez, subsecretario de la SRNMA en la Regi\u00f3n Laguna destac\u00f3 que en el municipio de G\u00f3mez Palacio se recolectaron 3 toneladas y se entregaron 700 \u00e1rboles, mientras que en Lerdo, fueron 4 toneladas y 800 arbolitos, por lo que aplaudimos la participaci\u00f3n ciudadana a favor de una gran causa: el cuidado del medio ambiente.<\/p>\n\n\n\n<p>Subray\u00f3 que, acciones como \u00e9sta son posibles gracias a la preocupaci\u00f3n del gobernador Esteban Villegas Villarreal, por prevenir la contaminaci\u00f3n y conservar el medio ambiente en la entidad, as\u00ed como tambi\u00e9n llevar a cabo actividades que promuevan la cultura ambiental a trav\u00e9s de acciones de reforestaci\u00f3n y el manejo adecuado de residuos electr\u00f3nicos y evitar su disposici\u00f3n incorrecta en el medio ambiente.<\/p>\n\n\n\n<p>Los subsecretarios coincidieron que la zona de la Comarca Lagunera requiere una gesti\u00f3n ambiental m\u00e1s responsable; \u201cLa basura electr\u00f3nica, por m\u00ednima que parezca, puede contaminar miles de litros de agua. Una sola pila AAA puede afectar hasta 180 mil litros, lo equivalente a nueve pipas\u201d, apunt\u00f3 el subsecretario Felipe Norberto Coria Qui\u00f1ones.<\/p>\n\n\n\n<p>Los puntos de recolecci\u00f3n se instalaron en los estacionamientos de la Bodega Aurrera, frente al Parque Las Auras en Lerdo, y de la Soriana Centro de G\u00f3mez Palacio. Se recibieron aparatos como televisores, computadoras, tel\u00e9fonos celulares, electrodom\u00e9sticos y todo tipo de electr\u00f3nicos en desuso. La log\u00edstica cont\u00f3 con el apoyo de las presidencias municipales, que facilitaron toldos, mesas y sillas.<\/p>\n\n\n\n<p>Ambos reciclatones se realizaron con la participaci\u00f3n activa la SRNMA Laguna; y gracias a un Convenio de Colaboraci\u00f3n establecido con una empresa especializada en el desmantelamiento y reciclaje adecuado de los materiales recolectados, se dar\u00e1 una disposici\u00f3n final del material, en cumplimiento a la Normatividad Ambiental.<\/p>\n\n\n\n<p>Finalmente destac\u00f3 que, esta fue la primera edici\u00f3n del Reciclat\u00f3n en el a\u00f1o para La Laguna de Durango e hizo \u00e9nfasis en que se planean futuras jornadas similares, aunque de manera permanente, la oficina regional ubicada en el Parque Las Auras en Lerdo, continuar\u00e1 recibiendo residuos electr\u00f3nicos de lunes a viernes de 9:00 a 15:00 horas, con la posibilidad de recibir tambi\u00e9n un \u00e1rbol a cambio.<\/p>\n","protected":false},"excerpt":{"rendered":"<p>Comarca Lagunera.- El Gobierno del Estado encabezado por Esteban Villegas Villarreal, a trav\u00e9s la Secretar\u00eda de Recursos Naturales y Medio Ambiente de Durango (SRNMA), llev\u00f3 a cabo dos reciclatones en los municipios de Lerdo y G\u00f3mez Palacio, logrando la recolecci\u00f3n de m\u00e1s de 7 toneladas de desechos electr\u00f3nicos y 300 kilogramos de pilas. As\u00ed lo [&hellip;]<\/p>\n","protected":false},"author":1,"featured_media":22750,"comment_status":"open","ping_status":"open","sticky":false,"template":"","format":"standard","meta":{"_monsterinsights_skip_tracking":false,"_monsterinsights_sitenote_active":false,"_monsterinsights_sitenote_note":"","_monsterinsights_sitenote_category":0,"footnotes":""},"categories":[1],"tags":[],"_links":{"self":[{"href":"https:\/\/zonalimitrofe-cbnr.com\/index.php\/wp-json\/wp\/v2\/posts\/22749"}],"collection":[{"href":"https:\/\/zonalimitrofe-cbnr.com\/index.php\/wp-json\/wp\/v2\/posts"}],"about":[{"href":"https:\/\/zonalimitrofe-cbnr.com\/index.php\/wp-json\/wp\/v2\/types\/post"}],"author":[{"embeddable":true,"href":"https:\/\/zonalimitrofe-cbnr.com\/index.php\/wp-json\/wp\/v2\/users\/1"}],"replies":[{"embeddable":true,"href":"https:\/\/zonalimitrofe-cbnr.com\/index.php\/wp-json\/wp\/v2\/comments?post=22749"}],"version-history":[{"count":1,"href":"https:\/\/zonalimitrofe-cbnr.com\/index.php\/wp-json\/wp\/v2\/posts\/22749\/revisions"}],"predecessor-version":[{"id":22751,"href":"https:\/\/zonalimitrofe-cbnr.com\/index.php\/wp-json\/wp\/v2\/posts\/22749\/revisions\/22751"}],"wp:featuredmedia":[{"embeddable":true,"href":"https:\/\/zonalimitrofe-cbnr.com\/index.php\/wp-json\/wp\/v2\/media\/22750"}],"wp:attachment":[{"href":"https:\/\/zonalimitrofe-cbnr.com\/index.php\/wp-json\/wp\/v2\/media?parent=22749"}],"wp:term":[{"taxonomy":"category","embeddable":true,"href":"https:\/\/zonalimitrofe-cbnr.com\/index.php\/wp-json\/wp\/v2\/categories?post=22749"},{"taxonomy":"post_tag","embeddable":true,"href":"https:\/\/zonalimitrofe-cbnr.com\/index.php\/wp-json\/wp\/v2\/tags?post=22749"}],"curies":[{"name":"wp","href":"https:\/\/api.w.org\/{rel}","templated":true}]}}