{"id":22734,"date":"2025-07-15T17:01:00","date_gmt":"2025-07-15T23:01:00","guid":{"rendered":"https:\/\/zonalimitrofe-cbnr.com\/?p=22734"},"modified":"2025-07-15T17:01:00","modified_gmt":"2025-07-15T23:01:00","slug":"torreon-inician-cursos-de-verano-en-recintos-culturales-municipales-de-torreon","status":"publish","type":"post","link":"https:\/\/zonalimitrofe-cbnr.com\/index.php\/2025\/07\/15\/torreon-inician-cursos-de-verano-en-recintos-culturales-municipales-de-torreon\/","title":{"rendered":"#Torre\u00f3n. Inician cursos de verano en recintos culturales municipales de Torre\u00f3n"},"content":{"rendered":"\n<p>Torre\u00f3n, Coahuila a 15 de julio del 2025<\/p>\n\n\n\n<p>El Instituto Municipal de Cultura y Educaci\u00f3n (IMCE) invita a ni\u00f1as y ni\u00f1os de Torre\u00f3n a participar en los cursos de verano edici\u00f3n 2025, que se realizar\u00e1n en los centros, museos y bibliotecas p\u00fablicas de la ciudad durante los meses de julio y agosto.<\/p>\n\n\n\n<p>Antonio M\u00e9ndez Vigat\u00e1, director del Instituto, se\u00f1al\u00f3 que estas actividades tienen como prop\u00f3sito impulsar la formaci\u00f3n art\u00edstica y el inter\u00e9s por la cultura desde la infancia.<\/p>\n\n\n\n<p>\u201cLos cursos est\u00e1n pensados para fomentar la creatividad, fortalecer la expresi\u00f3n individual y ofrecer un entorno seguro y formativo para el periodo vacacional, con una oferta amplia y accesible para las familias torreonenses\u201d, expres\u00f3.<\/p>\n\n\n\n<p>Las actividades incluir\u00e1n talleres de pintura, teatro, danza, t\u00edteres, grabado y grafiti, entre otras disciplinas, y ser\u00e1n impartidas en diversos espacios culturales de la ciudad.<\/p>\n\n\n\n<p>Si bien, la mayor\u00eda de los talleres ser\u00e1n gratuitos, algunos requerir\u00e1n una cuota de recuperaci\u00f3n simb\u00f3lica. El cupo es limitado y los horarios est\u00e1n dise\u00f1ados para facilitar la participaci\u00f3n.<\/p>\n\n\n\n<p>Los centros culturales, museos y bibliotecas municipales ser\u00e1n las sedes de esta edici\u00f3n, la cual se suma al esfuerzo permanente de la Administraci\u00f3n por acercar estas actividades art\u00edsticas a todas las colonias y sectores de la ciudad.<\/p>\n\n\n\n<p>Adem\u00e1s de ofrecer contenidos l\u00fadicos y educativos, representan una opci\u00f3n \u00fatil para que madres y padres de familia cuenten con espacios confiables donde sus hijos puedan desarrollarse durante las vacaciones.<\/p>\n\n\n\n<p>Estas acciones forman parte del impulso a la formaci\u00f3n cultural y al desarrollo integral de la ni\u00f1ez que promueve la Administraci\u00f3n Municipal del alcalde Rom\u00e1n Alberto Cepeda Gonz\u00e1lez, quien ha reiterado que la cultura es un eje prioritario para la construcci\u00f3n de comunidad y bienestar colectivo.<\/p>\n\n\n\n<p>Las personas interesadas pueden consultar la informaci\u00f3n completa sobre sedes, fechas, horarios y requisitos en las redes sociales oficiales del Instituto Municipal de Cultura y Educaci\u00f3n de Torre\u00f3n, en Facebook o en @Cultura.trc en Instagram. Tambi\u00e9n est\u00e1 disponible el siguiente c\u00f3digo, donde se puede acceder a la agenda semanal de actividades culturales y toda la programaci\u00f3n art\u00edstica vigente.<\/p>\n","protected":false},"excerpt":{"rendered":"<p>Torre\u00f3n, Coahuila a 15 de julio del 2025 El Instituto Municipal de Cultura y Educaci\u00f3n (IMCE) invita a ni\u00f1as y ni\u00f1os de Torre\u00f3n a participar en los cursos de verano edici\u00f3n 2025, que se realizar\u00e1n en los centros, museos y bibliotecas p\u00fablicas de la ciudad durante los meses de julio y agosto. Antonio M\u00e9ndez Vigat\u00e1, [&hellip;]<\/p>\n","protected":false},"author":1,"featured_media":22735,"comment_status":"open","ping_status":"open","sticky":false,"template":"","format":"standard","meta":{"_monsterinsights_skip_tracking":false,"_monsterinsights_sitenote_active":false,"_monsterinsights_sitenote_note":"","_monsterinsights_sitenote_category":0,"footnotes":""},"categories":[1],"tags":[],"_links":{"self":[{"href":"https:\/\/zonalimitrofe-cbnr.com\/index.php\/wp-json\/wp\/v2\/posts\/22734"}],"collection":[{"href":"https:\/\/zonalimitrofe-cbnr.com\/index.php\/wp-json\/wp\/v2\/posts"}],"about":[{"href":"https:\/\/zonalimitrofe-cbnr.com\/index.php\/wp-json\/wp\/v2\/types\/post"}],"author":[{"embeddable":true,"href":"https:\/\/zonalimitrofe-cbnr.com\/index.php\/wp-json\/wp\/v2\/users\/1"}],"replies":[{"embeddable":true,"href":"https:\/\/zonalimitrofe-cbnr.com\/index.php\/wp-json\/wp\/v2\/comments?post=22734"}],"version-history":[{"count":1,"href":"https:\/\/zonalimitrofe-cbnr.com\/index.php\/wp-json\/wp\/v2\/posts\/22734\/revisions"}],"predecessor-version":[{"id":22736,"href":"https:\/\/zonalimitrofe-cbnr.com\/index.php\/wp-json\/wp\/v2\/posts\/22734\/revisions\/22736"}],"wp:featuredmedia":[{"embeddable":true,"href":"https:\/\/zonalimitrofe-cbnr.com\/index.php\/wp-json\/wp\/v2\/media\/22735"}],"wp:attachment":[{"href":"https:\/\/zonalimitrofe-cbnr.com\/index.php\/wp-json\/wp\/v2\/media?parent=22734"}],"wp:term":[{"taxonomy":"category","embeddable":true,"href":"https:\/\/zonalimitrofe-cbnr.com\/index.php\/wp-json\/wp\/v2\/categories?post=22734"},{"taxonomy":"post_tag","embeddable":true,"href":"https:\/\/zonalimitrofe-cbnr.com\/index.php\/wp-json\/wp\/v2\/tags?post=22734"}],"curies":[{"name":"wp","href":"https:\/\/api.w.org\/{rel}","templated":true}]}}