{"id":22731,"date":"2025-07-15T16:59:26","date_gmt":"2025-07-15T22:59:26","guid":{"rendered":"https:\/\/zonalimitrofe-cbnr.com\/?p=22731"},"modified":"2025-07-15T16:59:26","modified_gmt":"2025-07-15T22:59:26","slug":"lerdo-por-iniciar-cursos-mis-vacaciones-en-la-biblioteca-2025-en-lerdo","status":"publish","type":"post","link":"https:\/\/zonalimitrofe-cbnr.com\/index.php\/2025\/07\/15\/lerdo-por-iniciar-cursos-mis-vacaciones-en-la-biblioteca-2025-en-lerdo\/","title":{"rendered":"#Lerdo. POR INICIAR CURSOS \u201cMIS VACACIONES EN LA BIBLIOTECA 2025\u201d EN LERDO*"},"content":{"rendered":"\n<ul>\n<li>Inscripciones abiertas en las 11 bibliotecas del municipio<\/li>\n<\/ul>\n\n\n\n<p>Lerdo, 15 de julio 2025.- La coordinadora de Bibliotecas P\u00fablicas Municipales en Lerdo, Yuri Edith Ch\u00e1vez, dio a conocer que el lunes de la semana entrante iniciar\u00e1n los cursos de \u201cMis Vacaciones en la Biblioteca 2025\u201d, por lo que invit\u00f3 a las personas interesadas para inscribir a sus hijos, ya que el cupo ser\u00e1 limitado.<\/p>\n\n\n\n<p>Los talleres son gratuitos, estar\u00e1n dirigidos a ni\u00f1os de 9 a 12 a\u00f1os de edad, e iniciar\u00e1n el lunes 21 de julio, de 9:30 de la ma\u00f1ana a 12:00 de la tarde, y finalizar\u00e1n el viernes primero de agosto.<\/p>\n\n\n\n<p>Se llevar\u00e1n a cabo en las bibliotecas de La Loma, Juan E. Garc\u00eda, Le\u00f3n Guzm\u00e1n, Nazareno, Seis de Enero, \u00c1lvaro Obreg\u00f3n, Picard\u00edas, Ciudad Ju\u00e1rez, C\u00e9sar G. Meraz, San Isidro y en la Biblioteca P\u00fablica Municipal \u201cModelo Benito Ju\u00e1rez\u201d del centro de Ciudad Lerdo.<\/p>\n\n\n\n<p>Durante dos semanas, los ni\u00f1os abordar\u00e1n diferentes temas para el disfrute y la comprensi\u00f3n de la lectura, as\u00ed como el desarrollo de habilidades art\u00edsticas, tanto de dibujo como de escritura. Tambi\u00e9n pondr\u00e1n a prueba sus valores, reflexionar\u00e1n y evaluar\u00e1n la importancia de los mismos y c\u00f3mo se manifiestan en sus decisiones y comportamientos.<\/p>\n\n\n\n<p>Hablar\u00e1n de sus sue\u00f1os y metas en la vida, leer\u00e1n poes\u00eda, plasmar\u00e1n sus ideas, no solo en papel, sino en otros materiales, dej\u00e1ndose llevar por su creatividad e ingenio.<\/p>\n\n\n\n<p>Para solicitar informes e inscribir a uno o m\u00e1s ni\u00f1os, es necesario acudir a la biblioteca municipal m\u00e1s cercana, en un horario de 8:30 de la ma\u00f1ana a 3:30 de la tarde, antes del viernes 18 de julio para apartar su lugar.<\/p>\n","protected":false},"excerpt":{"rendered":"<p>Lerdo, 15 de julio 2025.- La coordinadora de Bibliotecas P\u00fablicas Municipales en Lerdo, Yuri Edith Ch\u00e1vez, dio a conocer que el lunes de la semana entrante iniciar\u00e1n los cursos de \u201cMis Vacaciones en la Biblioteca 2025\u201d, por lo que invit\u00f3 a las personas interesadas para inscribir a sus hijos, ya que el cupo ser\u00e1 limitado. [&hellip;]<\/p>\n","protected":false},"author":1,"featured_media":22732,"comment_status":"open","ping_status":"open","sticky":false,"template":"","format":"standard","meta":{"_monsterinsights_skip_tracking":false,"_monsterinsights_sitenote_active":false,"_monsterinsights_sitenote_note":"","_monsterinsights_sitenote_category":0,"footnotes":""},"categories":[1],"tags":[],"_links":{"self":[{"href":"https:\/\/zonalimitrofe-cbnr.com\/index.php\/wp-json\/wp\/v2\/posts\/22731"}],"collection":[{"href":"https:\/\/zonalimitrofe-cbnr.com\/index.php\/wp-json\/wp\/v2\/posts"}],"about":[{"href":"https:\/\/zonalimitrofe-cbnr.com\/index.php\/wp-json\/wp\/v2\/types\/post"}],"author":[{"embeddable":true,"href":"https:\/\/zonalimitrofe-cbnr.com\/index.php\/wp-json\/wp\/v2\/users\/1"}],"replies":[{"embeddable":true,"href":"https:\/\/zonalimitrofe-cbnr.com\/index.php\/wp-json\/wp\/v2\/comments?post=22731"}],"version-history":[{"count":1,"href":"https:\/\/zonalimitrofe-cbnr.com\/index.php\/wp-json\/wp\/v2\/posts\/22731\/revisions"}],"predecessor-version":[{"id":22733,"href":"https:\/\/zonalimitrofe-cbnr.com\/index.php\/wp-json\/wp\/v2\/posts\/22731\/revisions\/22733"}],"wp:featuredmedia":[{"embeddable":true,"href":"https:\/\/zonalimitrofe-cbnr.com\/index.php\/wp-json\/wp\/v2\/media\/22732"}],"wp:attachment":[{"href":"https:\/\/zonalimitrofe-cbnr.com\/index.php\/wp-json\/wp\/v2\/media?parent=22731"}],"wp:term":[{"taxonomy":"category","embeddable":true,"href":"https:\/\/zonalimitrofe-cbnr.com\/index.php\/wp-json\/wp\/v2\/categories?post=22731"},{"taxonomy":"post_tag","embeddable":true,"href":"https:\/\/zonalimitrofe-cbnr.com\/index.php\/wp-json\/wp\/v2\/tags?post=22731"}],"curies":[{"name":"wp","href":"https:\/\/api.w.org\/{rel}","templated":true}]}}