{"id":22717,"date":"2025-07-14T17:10:55","date_gmt":"2025-07-14T23:10:55","guid":{"rendered":"https:\/\/zonalimitrofe-cbnr.com\/?p=22717"},"modified":"2025-07-14T17:10:56","modified_gmt":"2025-07-14T23:10:56","slug":"torreon-presentan-el-programa-de-accion-climatica-municipal-pacmun","status":"publish","type":"post","link":"https:\/\/zonalimitrofe-cbnr.com\/index.php\/2025\/07\/14\/torreon-presentan-el-programa-de-accion-climatica-municipal-pacmun\/","title":{"rendered":"#Torre\u00f3n. Presentan el Programa de Acci\u00f3n Clim\u00e1tica Municipal (PACMUN)"},"content":{"rendered":"\n<p>Torre\u00f3n, Coahuila. A 14 de julio de 2025<\/p>\n\n\n\n<p>En seguimiento al compromiso adquirido por la Administraci\u00f3n, al adherirse al Pacto Global de Alcaldes por el Clima y la Energ\u00eda, esta ma\u00f1ana se present\u00f3 ante la comisi\u00f3n de Medio Ambiente, el Programa de Acci\u00f3n Clim\u00e1tica Municipal (PACMUN), una herramienta estrat\u00e9gica para mitigar y adaptarse a los efectos del cambio clim\u00e1tico en la ciudad.<\/p>\n\n\n\n<p>El programa fue expuesto por personal del Instituto Municipal de Planeaci\u00f3n y Competitividad de Torre\u00f3n (IMPLAN). Se destac\u00f3 que en 2022 el alcalde Rom\u00e1n Alberto Cepeda Gonz\u00e1lez formaliz\u00f3 la adhesi\u00f3n de Torre\u00f3n al pacto global, sumando a la ciudad a una red internacional de gobiernos locales comprometidos con la acci\u00f3n clim\u00e1tica.<\/p>\n\n\n\n<p>Indicaron que, como parte del proceso, se desarrollaron previamente dos diagn\u00f3sticos fundamentales: el Inventario Municipal de Emisiones de Gases y Compuestos de Efecto Invernadero y el An\u00e1lisis de Riesgos y Vulnerabilidades Clim\u00e1ticas.<\/p>\n\n\n\n<p>Estos documentos permitieron conocer las principales fuentes de emisi\u00f3n de gases contaminantes, as\u00ed como los riesgos a los que est\u00e1 expuesto el municipio debido al cambio clim\u00e1tico.<\/p>\n\n\n\n<p>Durante la sesi\u00f3n se present\u00f3 tambi\u00e9n una categorizaci\u00f3n de los peligros climatol\u00f3gicos, meteorol\u00f3gicos, geol\u00f3gicos y biol\u00f3gicos detectados en Torre\u00f3n, lo que permitir\u00e1 establecer estrategias m\u00e1s espec\u00edficas de adaptaci\u00f3n.<\/p>\n\n\n\n<p>El Plan de Acci\u00f3n Clim\u00e1tica contempla siete ejes rectores que agrupan acciones a corto, mediano y largo plazo. Entre ellas destacan campa\u00f1as de arborizaci\u00f3n, programas de mejora de imagen urbana, renovaci\u00f3n del parque vehicular del transporte operativo por unidades de bajo consumo energ\u00e9tico o el\u00e9ctricas, y otras medidas de sostenibilidad.<\/p>\n\n\n\n<p>Asimismo, se present\u00f3 el Manual y Lineamientos para la Aplicaci\u00f3n de Infraestructura Verde en Torre\u00f3n, un documento t\u00e9cnico que re\u00fane informaci\u00f3n sobre las condiciones ambientales locales, as\u00ed como los impactos asociados a fen\u00f3menos como el calor extremo e inundaciones.<\/p>\n\n\n\n<p>Finalmente, se expuso la propuesta de conformar una red de infraestructura verde que permita conectar ecosistemas urbanos y reducir las temperaturas en la ciudad, a trav\u00e9s de 17 t\u00e9cnicas de intervenci\u00f3n a micro y macro escala. Tambi\u00e9n se incluyen propuestas para la densificaci\u00f3n del arbolado en parques, camellones y vialidades principales.<\/p>\n\n\n\n<p>Lo anterior fue presentado durante la sexta sesi\u00f3n de la Comisi\u00f3n de Medio Ambiente, encabezada por el edil Gabriel Francisco Pedro, e integrada adem\u00e1s por los regidores Roberto Bernal G\u00f3mez, Dora Elia Salinas Dur\u00e1n, Omar Morales Rodr\u00edguez y Ariana Neiroli Cervantes Zamarr\u00f3n.<\/p>\n","protected":false},"excerpt":{"rendered":"<p>Torre\u00f3n, Coahuila. A 14 de julio de 2025 En seguimiento al compromiso adquirido por la Administraci\u00f3n, al adherirse al Pacto Global de Alcaldes por el Clima y la Energ\u00eda, esta ma\u00f1ana se present\u00f3 ante la comisi\u00f3n de Medio Ambiente, el Programa de Acci\u00f3n Clim\u00e1tica Municipal (PACMUN), una herramienta estrat\u00e9gica para mitigar y adaptarse a los [&hellip;]<\/p>\n","protected":false},"author":1,"featured_media":22718,"comment_status":"open","ping_status":"open","sticky":false,"template":"","format":"standard","meta":{"_monsterinsights_skip_tracking":false,"_monsterinsights_sitenote_active":false,"_monsterinsights_sitenote_note":"","_monsterinsights_sitenote_category":0,"footnotes":""},"categories":[1],"tags":[],"_links":{"self":[{"href":"https:\/\/zonalimitrofe-cbnr.com\/index.php\/wp-json\/wp\/v2\/posts\/22717"}],"collection":[{"href":"https:\/\/zonalimitrofe-cbnr.com\/index.php\/wp-json\/wp\/v2\/posts"}],"about":[{"href":"https:\/\/zonalimitrofe-cbnr.com\/index.php\/wp-json\/wp\/v2\/types\/post"}],"author":[{"embeddable":true,"href":"https:\/\/zonalimitrofe-cbnr.com\/index.php\/wp-json\/wp\/v2\/users\/1"}],"replies":[{"embeddable":true,"href":"https:\/\/zonalimitrofe-cbnr.com\/index.php\/wp-json\/wp\/v2\/comments?post=22717"}],"version-history":[{"count":1,"href":"https:\/\/zonalimitrofe-cbnr.com\/index.php\/wp-json\/wp\/v2\/posts\/22717\/revisions"}],"predecessor-version":[{"id":22719,"href":"https:\/\/zonalimitrofe-cbnr.com\/index.php\/wp-json\/wp\/v2\/posts\/22717\/revisions\/22719"}],"wp:featuredmedia":[{"embeddable":true,"href":"https:\/\/zonalimitrofe-cbnr.com\/index.php\/wp-json\/wp\/v2\/media\/22718"}],"wp:attachment":[{"href":"https:\/\/zonalimitrofe-cbnr.com\/index.php\/wp-json\/wp\/v2\/media?parent=22717"}],"wp:term":[{"taxonomy":"category","embeddable":true,"href":"https:\/\/zonalimitrofe-cbnr.com\/index.php\/wp-json\/wp\/v2\/categories?post=22717"},{"taxonomy":"post_tag","embeddable":true,"href":"https:\/\/zonalimitrofe-cbnr.com\/index.php\/wp-json\/wp\/v2\/tags?post=22717"}],"curies":[{"name":"wp","href":"https:\/\/api.w.org\/{rel}","templated":true}]}}