{"id":22699,"date":"2025-07-14T16:52:47","date_gmt":"2025-07-14T22:52:47","guid":{"rendered":"https:\/\/zonalimitrofe-cbnr.com\/?p=22699"},"modified":"2025-07-14T16:52:47","modified_gmt":"2025-07-14T22:52:47","slug":"uadec-inicia-en-la-uadec-el-campamento-de-verano-lobos-camp-2025","status":"publish","type":"post","link":"https:\/\/zonalimitrofe-cbnr.com\/index.php\/2025\/07\/14\/uadec-inicia-en-la-uadec-el-campamento-de-verano-lobos-camp-2025\/","title":{"rendered":"#UAdeC. Inicia en la UAdeC el Campamento de Verano \u201cLobos Camp 2025\u201d"},"content":{"rendered":"\n<p>SALTILLO, Coahuila. 14 de julio de 2025. El rector de la Universidad Aut\u00f3noma de Coahuila, Octavio Pimentel Mart\u00ednez, inaugur\u00f3 el Campamento de Verano \u201cLobos Camp\u201d, para ni\u00f1as y ni\u00f1os de la Unidad Sureste, que se lleva a cabo simult\u00e1neamente en las Unidades Torre\u00f3n y Norte del 14 al 25 de julio con una participaci\u00f3n superior a los mil inscritos.<\/p>\n\n\n\n<p>La ceremonia de inauguraci\u00f3n se realiz\u00f3 en la explanada de la Rector\u00eda, a donde asistieron la coordinadora de la Unidad Saltillo de la UAdeC, Eva Kerena Hern\u00e1ndez, la subcoordinadora de Responsabilidad Social de la Coordinaci\u00f3n de Extensi\u00f3n Universitaria, Daniela Valdez Barr\u00f3n.<\/p>\n\n\n\n<p>As\u00ed como la directora del Ateneo Fuente, Nayely Mery Gonz\u00e1lez, el coordinador de Extensi\u00f3n Universitaria, David Hern\u00e1ndez Barrera, el coordinador de Deportes, Robertony Garc\u00eda Perera, directivos de las Escuelas, Facultades e Institutos de la Unidad Sureste, invitados especiales y familiares de las ni\u00f1as y ni\u00f1os participantes.<\/p>\n\n\n\n<p>En el mensaje de bienvenida, la subcoordinadora de Responsabilidad Social, Daniela Valdez Barr\u00f3n, destac\u00f3 que esta actividad representa una oportunidad para que la Universidad abra sus puertas y forme una comunidad donde ni\u00f1as y ni\u00f1os pueden desarrollar su creatividad, curiosidad y valores.<\/p>\n\n\n\n<p>Se\u00f1al\u00f3 que este a\u00f1o participan m\u00e1s de mil menores en las sedes de Torre\u00f3n, Saltillo, M\u00fazquiz y Monclova, con un 50 por ciento de asistentes externos, lo que refleja la confianza social en el proyecto, al tiempo que anunci\u00f3 que se contempla incluir a Piedras Negras como nueva sede en la edici\u00f3n 2026.<\/p>\n\n\n\n<p>Por su parte, el rector Octavio Pimentel Mart\u00ednez, dio la bienvenida a las ni\u00f1as, ni\u00f1os y familias participantes, alent\u00e1ndolos a vivir con entusiasmo la experiencia universitaria.<\/p>\n\n\n\n<p>En su intervenci\u00f3n, la coordinadora de Unidad Sureste, Eva Kerena Hern\u00e1ndez, expres\u00f3 su reconocimiento al rector Octavio Pimentel Mart\u00ednez, por la visi\u00f3n y apoyo para la realizaci\u00f3n del campamento en el que m\u00e1s de 200 trabajadores universitarios colaboran en el proyecto, para atender a m\u00e1s de mil ni\u00f1as y ni\u00f1os, quienes durante 15 d\u00edas desarrollar\u00e1n habilidades deportivas, art\u00edsticas y acad\u00e9micas.<\/p>\n\n\n\n<p>El campamento. \u201cLobos Camp\u201d, menores de entre 5 a 12 a\u00f1os, quienes asistir\u00e1n de lunes a viernes de 9:00 a 13:00 horas en dos talleres, entre ellos, Artes Pl\u00e1sticas, Manualidades, Pintura, Campismo, F\u00fatbol, Voleibol, B\u00e1squetbol, Rob\u00f3tica, Ciencia Divertida, Expresi\u00f3n Musical, Baile, Tochito y Tae Kwond Do.<\/p>\n","protected":false},"excerpt":{"rendered":"<p>SALTILLO, Coahuila. 14 de julio de 2025. El rector de la Universidad Aut\u00f3noma de Coahuila, Octavio Pimentel Mart\u00ednez, inaugur\u00f3 el Campamento de Verano \u201cLobos Camp\u201d, para ni\u00f1as y ni\u00f1os de la Unidad Sureste, que se lleva a cabo simult\u00e1neamente en las Unidades Torre\u00f3n y Norte del 14 al 25 de julio con una participaci\u00f3n superior [&hellip;]<\/p>\n","protected":false},"author":1,"featured_media":22700,"comment_status":"open","ping_status":"open","sticky":false,"template":"","format":"standard","meta":{"_monsterinsights_skip_tracking":false,"_monsterinsights_sitenote_active":false,"_monsterinsights_sitenote_note":"","_monsterinsights_sitenote_category":0,"footnotes":""},"categories":[1],"tags":[],"_links":{"self":[{"href":"https:\/\/zonalimitrofe-cbnr.com\/index.php\/wp-json\/wp\/v2\/posts\/22699"}],"collection":[{"href":"https:\/\/zonalimitrofe-cbnr.com\/index.php\/wp-json\/wp\/v2\/posts"}],"about":[{"href":"https:\/\/zonalimitrofe-cbnr.com\/index.php\/wp-json\/wp\/v2\/types\/post"}],"author":[{"embeddable":true,"href":"https:\/\/zonalimitrofe-cbnr.com\/index.php\/wp-json\/wp\/v2\/users\/1"}],"replies":[{"embeddable":true,"href":"https:\/\/zonalimitrofe-cbnr.com\/index.php\/wp-json\/wp\/v2\/comments?post=22699"}],"version-history":[{"count":1,"href":"https:\/\/zonalimitrofe-cbnr.com\/index.php\/wp-json\/wp\/v2\/posts\/22699\/revisions"}],"predecessor-version":[{"id":22701,"href":"https:\/\/zonalimitrofe-cbnr.com\/index.php\/wp-json\/wp\/v2\/posts\/22699\/revisions\/22701"}],"wp:featuredmedia":[{"embeddable":true,"href":"https:\/\/zonalimitrofe-cbnr.com\/index.php\/wp-json\/wp\/v2\/media\/22700"}],"wp:attachment":[{"href":"https:\/\/zonalimitrofe-cbnr.com\/index.php\/wp-json\/wp\/v2\/media?parent=22699"}],"wp:term":[{"taxonomy":"category","embeddable":true,"href":"https:\/\/zonalimitrofe-cbnr.com\/index.php\/wp-json\/wp\/v2\/categories?post=22699"},{"taxonomy":"post_tag","embeddable":true,"href":"https:\/\/zonalimitrofe-cbnr.com\/index.php\/wp-json\/wp\/v2\/tags?post=22699"}],"curies":[{"name":"wp","href":"https:\/\/api.w.org\/{rel}","templated":true}]}}