{"id":22692,"date":"2025-07-14T16:45:36","date_gmt":"2025-07-14T22:45:36","guid":{"rendered":"https:\/\/zonalimitrofe-cbnr.com\/?p=22692"},"modified":"2025-07-14T16:45:36","modified_gmt":"2025-07-14T22:45:36","slug":"durango-gobierno-de-esteban-brinda-atencion-especializada-a-traves-del-instituto-estatal-de-la-mujer-en-la-laguna","status":"publish","type":"post","link":"https:\/\/zonalimitrofe-cbnr.com\/index.php\/2025\/07\/14\/durango-gobierno-de-esteban-brinda-atencion-especializada-a-traves-del-instituto-estatal-de-la-mujer-en-la-laguna\/","title":{"rendered":"#Durango. Gobierno de Esteban brinda atenci\u00f3n especializada a trav\u00e9s del Instituto Estatal de la Mujer en La Laguna"},"content":{"rendered":"\n<p>\u2022135 mujeres solicitaron apoyo por primera vez y se brindaron m\u00e1s de mil atenciones de Trabajo Social en el primer semestre del 2025<\/p>\n\n\n\n<p>Comarca Lagunera.- Durante el primer semestre del a\u00f1o el Instituto Estatal de las Mujeres, a trav\u00e9s de la Unidad de Atenci\u00f3n a la Mujer Regi\u00f3n Laguna brind\u00f3 asistencia especializada a m\u00e1s de 135 mujeres que solicitaron apoyo en situaciones de violencia; as\u00ed lo dio a conocer la jefa de la Unidad, Reyna Isabel Casta\u00f1eda Duarte quien dijo que estas acciones reflejan el compromiso firme del Gobierno encabezado por Esteban Villegas Villarreal para garantizar los derechos de las mujeres y construir entornos libres de violencia en cada uno de los rincones de Durango.<\/p>\n\n\n\n<p>Casta\u00f1eda Duarte manifest\u00f3, que este acompa\u00f1amiento incluye atenci\u00f3n jur\u00eddica, psicol\u00f3gica y trabajo social, y responde al compromiso del Gobierno del Estado de garantizar entornos seguros para las mujeres. \u201cContamos con todo el respaldo del gobernador para fortalecer las acciones de prevenci\u00f3n y atenci\u00f3n a la violencia de g\u00e9nero en nuestra regi\u00f3n\u201d, subray\u00f3.<\/p>\n\n\n\n<p>La Unidad contin\u00faa trabajando para acercar sus servicios a las mujeres de todos los municipios de la Regi\u00f3n Laguna, para fortalecer el trabajo institucional, la vinculaci\u00f3n interinstitucional y la atenci\u00f3n con perspectiva de g\u00e9nero; para garantizar la atenci\u00f3n integral, oportuna y especializada a mujeres en situaci\u00f3n de violencia, as\u00ed como promover la prevenci\u00f3n en distintos espacios comunitarios.<\/p>\n\n\n\n<p>50 usuarias fueron canalizadas al \u00e1rea jur\u00eddica.<\/p>\n\n\n\n<p>30 usuarias recibieron atenci\u00f3n psicol\u00f3gica.<\/p>\n\n\n\n<p>55 usuarias accedieron a ambos servicios.<\/p>\n\n\n\n<p>Se ofreci\u00f3 adem\u00e1s atenci\u00f3n psicol\u00f3gica a 8 ni\u00f1as y 4 ni\u00f1os.<\/p>\n\n\n\n<p>Mencion\u00f3 que entre las formas de violencia m\u00e1s denunciadas destacan la violencia psicol\u00f3gica y econ\u00f3mica en el entorno familiar. Se identific\u00f3 que la mayor\u00eda de las usuarias son mujeres casadas, con escolaridad de nivel secundaria, dedicadas al hogar y con afiliaci\u00f3n al IMSS.<\/p>\n\n\n\n<p>Coment\u00f3 que en el primer semestre brindaron 1,015 atenciones; desde Trabajo Social consistentes en entrevistas iniciales, seguimiento telef\u00f3nico, orientaci\u00f3n, contenci\u00f3n emocional y canalizaci\u00f3n interna o externa.<\/p>\n\n\n\n<p>390 atenciones psicol\u00f3gicas, que incluyeron entrevistas iniciales, procesos terap\u00e9uticos de seguimiento, atenci\u00f3n a ni\u00f1as y ni\u00f1os, as\u00ed como procesos concluidos.<\/p>\n\n\n\n<p>733 atenciones jur\u00eddicas, que abarcaron asesor\u00eda legal, acompa\u00f1amiento a instituciones, intervenci\u00f3n en crisis, seguimiento de expedientes y procesos concluidos.<\/p>\n\n\n\n<p>Por otra parte, el \u00e1rea de Prevenci\u00f3n de la Unidad Regi\u00f3n Laguna ha intensificado sus actividades en espacios p\u00fablicos, instituciones educativas y centros laborales, con el objetivo de informar, sensibilizar y formar redes comunitarias para prevenir cualquier forma de violencia contra mujeres, ni\u00f1as y ni\u00f1os.<\/p>\n\n\n\n<p>Inform\u00f3 que han participado activamente en ferias del empleo realizadas en la regi\u00f3n, instalando m\u00f3dulos informativos para orientar a mujeres sobre los servicios que ofrece la Unidad.<\/p>\n\n\n\n<p>Por \u00faltimo, record\u00f3 que, la Unidad de Atenci\u00f3n Regi\u00f3n Laguna se encuentra ubicada en Av. Matamoros #259 en el municipio de Lerdo y tiene un horario de atenci\u00f3n de lunes a viernes de 8:30 de la ma\u00f1ana a 3:30 de la tarde.<\/p>\n","protected":false},"excerpt":{"rendered":"<p>\u2022135 mujeres solicitaron apoyo por primera vez y se brindaron m\u00e1s de mil atenciones de Trabajo Social en el primer semestre del 2025 Comarca Lagunera.- Durante el primer semestre del a\u00f1o el Instituto Estatal de las Mujeres, a trav\u00e9s de la Unidad de Atenci\u00f3n a la Mujer Regi\u00f3n Laguna brind\u00f3 asistencia especializada a m\u00e1s de [&hellip;]<\/p>\n","protected":false},"author":1,"featured_media":22693,"comment_status":"open","ping_status":"open","sticky":false,"template":"","format":"standard","meta":{"_monsterinsights_skip_tracking":false,"_monsterinsights_sitenote_active":false,"_monsterinsights_sitenote_note":"","_monsterinsights_sitenote_category":0,"footnotes":""},"categories":[1],"tags":[],"_links":{"self":[{"href":"https:\/\/zonalimitrofe-cbnr.com\/index.php\/wp-json\/wp\/v2\/posts\/22692"}],"collection":[{"href":"https:\/\/zonalimitrofe-cbnr.com\/index.php\/wp-json\/wp\/v2\/posts"}],"about":[{"href":"https:\/\/zonalimitrofe-cbnr.com\/index.php\/wp-json\/wp\/v2\/types\/post"}],"author":[{"embeddable":true,"href":"https:\/\/zonalimitrofe-cbnr.com\/index.php\/wp-json\/wp\/v2\/users\/1"}],"replies":[{"embeddable":true,"href":"https:\/\/zonalimitrofe-cbnr.com\/index.php\/wp-json\/wp\/v2\/comments?post=22692"}],"version-history":[{"count":1,"href":"https:\/\/zonalimitrofe-cbnr.com\/index.php\/wp-json\/wp\/v2\/posts\/22692\/revisions"}],"predecessor-version":[{"id":22694,"href":"https:\/\/zonalimitrofe-cbnr.com\/index.php\/wp-json\/wp\/v2\/posts\/22692\/revisions\/22694"}],"wp:featuredmedia":[{"embeddable":true,"href":"https:\/\/zonalimitrofe-cbnr.com\/index.php\/wp-json\/wp\/v2\/media\/22693"}],"wp:attachment":[{"href":"https:\/\/zonalimitrofe-cbnr.com\/index.php\/wp-json\/wp\/v2\/media?parent=22692"}],"wp:term":[{"taxonomy":"category","embeddable":true,"href":"https:\/\/zonalimitrofe-cbnr.com\/index.php\/wp-json\/wp\/v2\/categories?post=22692"},{"taxonomy":"post_tag","embeddable":true,"href":"https:\/\/zonalimitrofe-cbnr.com\/index.php\/wp-json\/wp\/v2\/tags?post=22692"}],"curies":[{"name":"wp","href":"https:\/\/api.w.org\/{rel}","templated":true}]}}