{"id":22683,"date":"2025-07-14T16:26:13","date_gmt":"2025-07-14T22:26:13","guid":{"rendered":"https:\/\/zonalimitrofe-cbnr.com\/?p=22683"},"modified":"2025-07-14T16:26:13","modified_gmt":"2025-07-14T22:26:13","slug":"lerdo-inician-festejos-por-aniversario-de-urcp-en-lerdo","status":"publish","type":"post","link":"https:\/\/zonalimitrofe-cbnr.com\/index.php\/2025\/07\/14\/lerdo-inician-festejos-por-aniversario-de-urcp-en-lerdo\/","title":{"rendered":"#Lerdo. INICIAN FESTEJOS POR ANIVERSARIO DE URCP, EN LERDO*"},"content":{"rendered":"\n<p>Lerdo, 14 de julio 2025.- La Direcci\u00f3n de Arte y Cultura dio a conocer que este lunes 14 de julio, a partir de las 6:00 de la tarde, se presentar\u00e1 la exposici\u00f3n fotogr\u00e1fica \u201cDanzas Tradicionales de La Laguna\u201d en la explanada de la Presidencia Municipal de Lerdo, dentro de los festejos del 37\u00b0 Aniversario de la Fundaci\u00f3n de la Unidad Regional de Culturas Populares.<\/p>\n\n\n\n<p>Cabe mencionar que el domingo pasado, se dio arranque a la celebraci\u00f3n, con la muestra de Danzas Tradicionales de La Laguna, en el Paseo Sarabia, frente a la Presidencia Municipal de Lerdo.<\/p>\n\n\n\n<p>Ah\u00ed, se cont\u00f3 con la participaci\u00f3n de las Danzas Santo Madero, de Don Polo, San Judas Tadeo: Los Abuelos, y Los Viejos Brujos: La Polka. Tambi\u00e9n se cont\u00f3 con la venta de artesan\u00edas locales.<\/p>\n\n\n\n<p>La celebraci\u00f3n continuar\u00e1 el jueves 17 de julio con la charla \u201cLas cartas sobre la mesa\u201d de 11:00 de la ma\u00f1ana a 1:00 de la tarde en la Cantina Tradicional \u201cEl Congreso\u201d, y el domingo 20 de julio, la Banda N\u00b02 del Estado de Durango amenizar\u00e1 a mediod\u00eda en el kiosco de la plaza principal de Lerdo.<\/p>\n\n\n\n<p>La Secretar\u00eda de Culturas Populares Regi\u00f3n Laguna se encarga de estos eventos, mientras que el Gobierno Municipal de Lerdo brinda las facilidades necesarias para su instalaci\u00f3n y realizaci\u00f3n, adem\u00e1s, a trav\u00e9s de la Direcci\u00f3n de Arte y Cultura se mantiene una estrecha colaboraci\u00f3n.<\/p>\n","protected":false},"excerpt":{"rendered":"<p>Lerdo, 14 de julio 2025.- La Direcci\u00f3n de Arte y Cultura dio a conocer que este lunes 14 de julio, a partir de las 6:00 de la tarde, se presentar\u00e1 la exposici\u00f3n fotogr\u00e1fica \u201cDanzas Tradicionales de La Laguna\u201d en la explanada de la Presidencia Municipal de Lerdo, dentro de los festejos del 37\u00b0 Aniversario de [&hellip;]<\/p>\n","protected":false},"author":1,"featured_media":22684,"comment_status":"open","ping_status":"open","sticky":false,"template":"","format":"standard","meta":{"_monsterinsights_skip_tracking":false,"_monsterinsights_sitenote_active":false,"_monsterinsights_sitenote_note":"","_monsterinsights_sitenote_category":0,"footnotes":""},"categories":[1],"tags":[],"_links":{"self":[{"href":"https:\/\/zonalimitrofe-cbnr.com\/index.php\/wp-json\/wp\/v2\/posts\/22683"}],"collection":[{"href":"https:\/\/zonalimitrofe-cbnr.com\/index.php\/wp-json\/wp\/v2\/posts"}],"about":[{"href":"https:\/\/zonalimitrofe-cbnr.com\/index.php\/wp-json\/wp\/v2\/types\/post"}],"author":[{"embeddable":true,"href":"https:\/\/zonalimitrofe-cbnr.com\/index.php\/wp-json\/wp\/v2\/users\/1"}],"replies":[{"embeddable":true,"href":"https:\/\/zonalimitrofe-cbnr.com\/index.php\/wp-json\/wp\/v2\/comments?post=22683"}],"version-history":[{"count":1,"href":"https:\/\/zonalimitrofe-cbnr.com\/index.php\/wp-json\/wp\/v2\/posts\/22683\/revisions"}],"predecessor-version":[{"id":22685,"href":"https:\/\/zonalimitrofe-cbnr.com\/index.php\/wp-json\/wp\/v2\/posts\/22683\/revisions\/22685"}],"wp:featuredmedia":[{"embeddable":true,"href":"https:\/\/zonalimitrofe-cbnr.com\/index.php\/wp-json\/wp\/v2\/media\/22684"}],"wp:attachment":[{"href":"https:\/\/zonalimitrofe-cbnr.com\/index.php\/wp-json\/wp\/v2\/media?parent=22683"}],"wp:term":[{"taxonomy":"category","embeddable":true,"href":"https:\/\/zonalimitrofe-cbnr.com\/index.php\/wp-json\/wp\/v2\/categories?post=22683"},{"taxonomy":"post_tag","embeddable":true,"href":"https:\/\/zonalimitrofe-cbnr.com\/index.php\/wp-json\/wp\/v2\/tags?post=22683"}],"curies":[{"name":"wp","href":"https:\/\/api.w.org\/{rel}","templated":true}]}}