{"id":22679,"date":"2025-07-13T17:31:52","date_gmt":"2025-07-13T23:31:52","guid":{"rendered":"https:\/\/zonalimitrofe-cbnr.com\/?p=22679"},"modified":"2025-07-13T17:31:53","modified_gmt":"2025-07-13T23:31:53","slug":"durango-se-refunda-con-agua-planta-potabilizadora-y-presa-tunal-ii-marcan-el-inicio-de-una-nueva-era","status":"publish","type":"post","link":"https:\/\/zonalimitrofe-cbnr.com\/index.php\/2025\/07\/13\/durango-se-refunda-con-agua-planta-potabilizadora-y-presa-tunal-ii-marcan-el-inicio-de-una-nueva-era\/","title":{"rendered":"#Durango se refunda con agua: planta potabilizadora y Presa Tunal II marcan el inicio de una nueva era*"},"content":{"rendered":"\n<ul>\n<li><em>462 a\u00f1os despu\u00e9s, inicia una nueva etapa con estos dos grandes proyectos.<\/em><\/li>\n\n\n\n<li><em>La ciudad tendr\u00e1 agua suficiente y de calidad para al menos las pr\u00f3ximas siete d\u00e9cadas.<\/em><\/li>\n<\/ul>\n\n\n\n<p>El agua que dio origen a Durango hace m\u00e1s de cuatro siglos hoy tambi\u00e9n marca el inicio de una nueva era para la ciudad. En el marco del 462 aniversario de su fundaci\u00f3n, el historiador y cronista Javier Guerrero afirm\u00f3 que este 2025 ser\u00e1 recordado como el a\u00f1o del renacimiento, gracias a dos obras hist\u00f3ricas: la puesta en marcha de la planta potabilizadora y el inicio del proceso de licitaci\u00f3n de la Presa Tunal II.<\/p>\n\n\n\n<p>\u201cDesde su origen, Durango creci\u00f3 gracias al agua. Hoy, con estas obras, la ciudad se prepara para crecer sin l\u00edmites por al menos 70 a\u00f1os m\u00e1s\u201d, expres\u00f3 Guerrero, al destacar que este es un momento de justicia hist\u00f3rica para los primeros pobladores que eligieron este valle por sus manantiales y arroyos.<\/p>\n\n\n\n<p>El pasado y el presente convergen con estas obras, que garantizar\u00e1n abasto de agua suficiente, sustentable y de calidad para miles de familias. La planta potabilizadora fue inaugurada el 25 de marzo de 2025, mientras que la Presa Tunal II comenz\u00f3 su proceso de licitaci\u00f3n el 19 de junio.<\/p>\n\n\n\n<p>\u201cEste es el a\u00f1o de Durango, porque ahora s\u00ed hay un proyecto h\u00eddrico integral que no solo reactiva la econom\u00eda, sino que le da viabilidad urbana, agropecuaria e industrial a la ciudad\u201d, se\u00f1al\u00f3 el cronista, quien tambi\u00e9n reconoci\u00f3 al gobernador Esteban Villegas Villarreal como impulsor de esta transformaci\u00f3n.<\/p>\n\n\n\n<p>Las obras h\u00eddricas permitir\u00e1n la recarga de mantos fre\u00e1ticos, resolver\u00e1n el problema del agua subterr\u00e1nea de mala calidad y consolidar\u00e1n a Durango como la \u00fanica ciudad del norte de M\u00e9xico con reservas suficientes de agua potable para las pr\u00f3ximas d\u00e9cadas.<\/p>\n\n\n\n<p>\u201cNo se trata solo de infraestructura, sino de refundar la ciudad desde sus cimientos m\u00e1s profundos: el acceso al agua como derecho, como futuro y como legado\u201d, sostuvo Guerrero ante autoridades estatales, municipales y legislativas durante la ceremonia conmemorativa.<\/p>\n\n\n\n<p>Durango fue fundado el 8 de julio de 1563 gracias a la abundancia de agua en el valle del Guadiana. Hoy, m\u00e1s de cuatro siglos despu\u00e9s, el recurso h\u00eddrico vuelve a ser el motor de un nuevo ciclo para una ciudad que resurge con fuerza, visi\u00f3n y rumbo.<\/p>\n","protected":false},"excerpt":{"rendered":"<p>El agua que dio origen a Durango hace m\u00e1s de cuatro siglos hoy tambi\u00e9n marca el inicio de una nueva era para la ciudad. En el marco del 462 aniversario de su fundaci\u00f3n, el historiador y cronista Javier Guerrero afirm\u00f3 que este 2025 ser\u00e1 recordado como el a\u00f1o del renacimiento, gracias a dos obras hist\u00f3ricas: [&hellip;]<\/p>\n","protected":false},"author":1,"featured_media":22680,"comment_status":"open","ping_status":"open","sticky":false,"template":"","format":"standard","meta":{"_monsterinsights_skip_tracking":false,"_monsterinsights_sitenote_active":false,"_monsterinsights_sitenote_note":"","_monsterinsights_sitenote_category":0,"footnotes":""},"categories":[1],"tags":[],"_links":{"self":[{"href":"https:\/\/zonalimitrofe-cbnr.com\/index.php\/wp-json\/wp\/v2\/posts\/22679"}],"collection":[{"href":"https:\/\/zonalimitrofe-cbnr.com\/index.php\/wp-json\/wp\/v2\/posts"}],"about":[{"href":"https:\/\/zonalimitrofe-cbnr.com\/index.php\/wp-json\/wp\/v2\/types\/post"}],"author":[{"embeddable":true,"href":"https:\/\/zonalimitrofe-cbnr.com\/index.php\/wp-json\/wp\/v2\/users\/1"}],"replies":[{"embeddable":true,"href":"https:\/\/zonalimitrofe-cbnr.com\/index.php\/wp-json\/wp\/v2\/comments?post=22679"}],"version-history":[{"count":1,"href":"https:\/\/zonalimitrofe-cbnr.com\/index.php\/wp-json\/wp\/v2\/posts\/22679\/revisions"}],"predecessor-version":[{"id":22681,"href":"https:\/\/zonalimitrofe-cbnr.com\/index.php\/wp-json\/wp\/v2\/posts\/22679\/revisions\/22681"}],"wp:featuredmedia":[{"embeddable":true,"href":"https:\/\/zonalimitrofe-cbnr.com\/index.php\/wp-json\/wp\/v2\/media\/22680"}],"wp:attachment":[{"href":"https:\/\/zonalimitrofe-cbnr.com\/index.php\/wp-json\/wp\/v2\/media?parent=22679"}],"wp:term":[{"taxonomy":"category","embeddable":true,"href":"https:\/\/zonalimitrofe-cbnr.com\/index.php\/wp-json\/wp\/v2\/categories?post=22679"},{"taxonomy":"post_tag","embeddable":true,"href":"https:\/\/zonalimitrofe-cbnr.com\/index.php\/wp-json\/wp\/v2\/tags?post=22679"}],"curies":[{"name":"wp","href":"https:\/\/api.w.org\/{rel}","templated":true}]}}