{"id":22667,"date":"2025-07-13T17:16:05","date_gmt":"2025-07-13T23:16:05","guid":{"rendered":"https:\/\/zonalimitrofe-cbnr.com\/?p=22667"},"modified":"2025-07-13T17:16:06","modified_gmt":"2025-07-13T23:16:06","slug":"coahuila-tiene-los-mejores-eventos-manolo","status":"publish","type":"post","link":"https:\/\/zonalimitrofe-cbnr.com\/index.php\/2025\/07\/13\/coahuila-tiene-los-mejores-eventos-manolo\/","title":{"rendered":"#COAHUILA TIENE LOS MEJORES EVENTOS: MANOLO"},"content":{"rendered":"\n<ul>\n<li>Se celebra el 80 aniversario de una de las ferias m\u00e1s emblem\u00e1ticas de Coahuila, la de San Buena<\/li>\n<\/ul>\n\n\n\n<p>San Buenaventura, Coahuila de Zaragoza; a 13 julio de 2025.-En el marco de la tradicional Cabalgata de la Feria de San Buenaventura 2025, el gobernador Manolo Jim\u00e9nez Salinas destac\u00f3 que Coahuila se consolida como sede de grandes eventos en todas sus regiones, gracias a las condiciones de seguridad, orden y desarrollo que se han construido con trabajo en equipo.<\/p>\n\n\n\n<p>&#8220;Nos la pasamos ATM en la gran cabalgata del 80 aniversario de la Feria de San Buenaventura. \u00a1Siempre es un gusto saludar a nuestra gente y compartir nuestras tradiciones! Gracias por tanto&#8221;, destac\u00f3 el gobernador.<\/p>\n\n\n\n<p>Acompa\u00f1ado por cientos de jinetes, familias y autoridades municipales y estatales, el mandatario celebr\u00f3 el ambiente de paz, unidad y alegr\u00eda que se vivi\u00f3 durante la cabalgata, s\u00edmbolo del arraigo, las tradiciones y la identidad coahuilense.<\/p>\n\n\n\n<p>\u201cLa Cabalgata de San Buena, en este 80 aniversario de una de las ferias m\u00e1s importantes de nuestro estado, siempre aqu\u00ed se arma buena fiesta, se arma buen ambiente, hay miles de familias conviviendo en paz, con tranquilidad y disfrutando de esta gran cultura coahuiltexana\u201d, destac\u00f3.<\/p>\n\n\n\n<p>Jim\u00e9nez Salinas subray\u00f3 que la seguridad en el estado ha permitido que en todas las regiones,Norte, Carbon\u00edfera, Laguna, Sureste y Centro-Desierto, se organicen y consoliden ferias, festivales, cabalgatas y eventos deportivos y culturales de alto impacto.<\/p>\n\n\n\n<p>\u201cInvitamos a toda la gente de Coahuila que se de una vuelta a la feria; as\u00ed como los invitamos a San Buena, tambi\u00e9n los invitamos estas vacaciones a que visiten todos los Pueblos M\u00e1gicos; que visten la Regi\u00f3n Sureste, Arteaga, Parras, General Cepeda, tenemos el tema de las monta\u00f1as, el vino, el Museo del Desierto en Saltillo; los invitamos tambi\u00e9n aqu\u00ed a Cuatro Ci\u00e9negas, en la regi\u00f3n centro; hay tambi\u00e9n turismo religioso all\u00e1 en La Laguna, en el hermoso Pueblo M\u00e1gico de Viesca; tambi\u00e9n los invitamos hacia la Regi\u00f3n Carbon\u00edfera, hacia la Regi\u00f3n Norte para que puedan vivir la magia de Coahuila y que sepan que en Coahuila siempre hay plan, para hacer turismo tanto para la gente de nuestro estado, como de otros estados del pa\u00eds o del sur de Texas\u201d, precis\u00f3.<\/p>\n\n\n\n<p>El gobernador reiter\u00f3 que el \u00e9xito de estos eventos se debe al esfuerzo conjunto entre el gobierno estatal, los municipios, los ciudadanos, las corporaciones de seguridad y los cuerpos de auxilio.<\/p>\n\n\n\n<p>\u201cLa paz y la seguridad no se decretan, se construyen todos los d\u00edas con trabajo y coordinaci\u00f3n. Gracias a eso, Coahuila es uno de los estados m\u00e1s seguros del pa\u00eds y eso lo<\/p>\n\n\n\n<p>estamos aprovechando para fortalecer nuestras tradiciones, atraer visitantes e impulsar el desarrollo\u201d, dijo.<\/p>\n\n\n\n<p>La Feria de San Buenaventura 2025 es uno de los eventos m\u00e1s esperados en la regi\u00f3n Centro, y forma parte de la estrategia del Gobierno del Estado para proyectar lo mejor de Coahuila: su cultura, su gente y su esp\u00edritu de unidad.<\/p>\n\n\n\n<p>\u201cDonde hay paz, hay desarrollo. Donde hay seguridad, hay alegr\u00eda. Y en Coahuila tenemos todo eso. Vamos a seguir trabajando para que cada regi\u00f3n tenga su feria, su cabalgata, su festival, y que cada verano sea una oportunidad para encontrarnos como comunidad\u201d, concluy\u00f3 Manolo Jim\u00e9nez.<\/p>\n","protected":false},"excerpt":{"rendered":"<p>San Buenaventura, Coahuila de Zaragoza; a 13 julio de 2025.-En el marco de la tradicional Cabalgata de la Feria de San Buenaventura 2025, el gobernador Manolo Jim\u00e9nez Salinas destac\u00f3 que Coahuila se consolida como sede de grandes eventos en todas sus regiones, gracias a las condiciones de seguridad, orden y desarrollo que se han construido [&hellip;]<\/p>\n","protected":false},"author":1,"featured_media":22668,"comment_status":"open","ping_status":"open","sticky":false,"template":"","format":"standard","meta":{"_monsterinsights_skip_tracking":false,"_monsterinsights_sitenote_active":false,"_monsterinsights_sitenote_note":"","_monsterinsights_sitenote_category":0,"footnotes":""},"categories":[1],"tags":[],"_links":{"self":[{"href":"https:\/\/zonalimitrofe-cbnr.com\/index.php\/wp-json\/wp\/v2\/posts\/22667"}],"collection":[{"href":"https:\/\/zonalimitrofe-cbnr.com\/index.php\/wp-json\/wp\/v2\/posts"}],"about":[{"href":"https:\/\/zonalimitrofe-cbnr.com\/index.php\/wp-json\/wp\/v2\/types\/post"}],"author":[{"embeddable":true,"href":"https:\/\/zonalimitrofe-cbnr.com\/index.php\/wp-json\/wp\/v2\/users\/1"}],"replies":[{"embeddable":true,"href":"https:\/\/zonalimitrofe-cbnr.com\/index.php\/wp-json\/wp\/v2\/comments?post=22667"}],"version-history":[{"count":1,"href":"https:\/\/zonalimitrofe-cbnr.com\/index.php\/wp-json\/wp\/v2\/posts\/22667\/revisions"}],"predecessor-version":[{"id":22669,"href":"https:\/\/zonalimitrofe-cbnr.com\/index.php\/wp-json\/wp\/v2\/posts\/22667\/revisions\/22669"}],"wp:featuredmedia":[{"embeddable":true,"href":"https:\/\/zonalimitrofe-cbnr.com\/index.php\/wp-json\/wp\/v2\/media\/22668"}],"wp:attachment":[{"href":"https:\/\/zonalimitrofe-cbnr.com\/index.php\/wp-json\/wp\/v2\/media?parent=22667"}],"wp:term":[{"taxonomy":"category","embeddable":true,"href":"https:\/\/zonalimitrofe-cbnr.com\/index.php\/wp-json\/wp\/v2\/categories?post=22667"},{"taxonomy":"post_tag","embeddable":true,"href":"https:\/\/zonalimitrofe-cbnr.com\/index.php\/wp-json\/wp\/v2\/tags?post=22667"}],"curies":[{"name":"wp","href":"https:\/\/api.w.org\/{rel}","templated":true}]}}