{"id":22633,"date":"2025-07-12T17:10:26","date_gmt":"2025-07-12T23:10:26","guid":{"rendered":"https:\/\/zonalimitrofe-cbnr.com\/?p=22633"},"modified":"2025-07-12T17:10:26","modified_gmt":"2025-07-12T23:10:26","slug":"gp-invita-dif-gomez-palacio-a-denunciar-casos-de-maltrato-a-adultos-mayores-2","status":"publish","type":"post","link":"https:\/\/zonalimitrofe-cbnr.com\/index.php\/2025\/07\/12\/gp-invita-dif-gomez-palacio-a-denunciar-casos-de-maltrato-a-adultos-mayores-2\/","title":{"rendered":"#GP. Invita DIF G\u00f3mez Palacio a denunciar casos de maltrato a adultos mayores*"},"content":{"rendered":"\n<p>El Sistema para el Desarrollo Integral de la Familia (DIF) del Municipio de G\u00f3mez Palacio invita a la poblaci\u00f3n a denunciar cualquier hecho que viole los derechos de las personas adultas mayores, incluyendo omisi\u00f3n de cuidados, violencia o abandono, ya sea mediante denuncia an\u00f3nima o directa.<\/p>\n\n\n\n<p>Brenda Calder\u00f3n Carrete, directora del DIF, dio a conocer que la dependencia a su cargo atiende a personas adultas mayores en situaci\u00f3n de vulnerabilidad y garantiza el respeto a sus derechos.<\/p>\n\n\n\n<p>La funcionaria se\u00f1al\u00f3 que, para el DIF, es fundamental que la poblaci\u00f3n conozca los derechos que la ley garantiza a este sector, los cuales est\u00e1n relacionados con la igualdad y la no discriminaci\u00f3n por razones de edad.<\/p>\n\n\n\n<p>Calder\u00f3n Carrete record\u00f3 que todos los adultos mayores en este pa\u00eds tienen derecho a tomar decisiones, a recibir educaci\u00f3n, recreaci\u00f3n, seguridad social, y a una vida digna, sin violencia ni discriminaci\u00f3n.<\/p>\n\n\n\n<p>Adem\u00e1s, tienen derecho a la vida y a la dignidad en la vejez, a la independencia y a la autonom\u00eda, entre otros derechos que protegen a todas las personas de 60 a\u00f1os o m\u00e1s, sin importar su nacionalidad, raza u origen \u00e9tnico.<\/p>\n\n\n\n<p>Por este motivo, exhort\u00f3 a la ciudadan\u00eda a denunciar cualquier caso de omisi\u00f3n de cuidados o abandono de los adultos mayores, llamando al 871 714 21 27 o acudiendo directamente a las oficinas del DIF, ubicadas sobre el bulevar Ej\u00e9rcito Mexicano No. 528, a un costado del Nuevo Hospital General.<\/p>\n","protected":false},"excerpt":{"rendered":"<p>El Sistema para el Desarrollo Integral de la Familia (DIF) del Municipio de G\u00f3mez Palacio invita a la poblaci\u00f3n a denunciar cualquier hecho que viole los derechos de las personas adultas mayores, incluyendo omisi\u00f3n de cuidados, violencia o abandono, ya sea mediante denuncia an\u00f3nima o directa. Brenda Calder\u00f3n Carrete, directora del DIF, dio a conocer [&hellip;]<\/p>\n","protected":false},"author":1,"featured_media":22634,"comment_status":"open","ping_status":"open","sticky":false,"template":"","format":"standard","meta":{"_monsterinsights_skip_tracking":false,"_monsterinsights_sitenote_active":false,"_monsterinsights_sitenote_note":"","_monsterinsights_sitenote_category":0,"footnotes":""},"categories":[1],"tags":[],"_links":{"self":[{"href":"https:\/\/zonalimitrofe-cbnr.com\/index.php\/wp-json\/wp\/v2\/posts\/22633"}],"collection":[{"href":"https:\/\/zonalimitrofe-cbnr.com\/index.php\/wp-json\/wp\/v2\/posts"}],"about":[{"href":"https:\/\/zonalimitrofe-cbnr.com\/index.php\/wp-json\/wp\/v2\/types\/post"}],"author":[{"embeddable":true,"href":"https:\/\/zonalimitrofe-cbnr.com\/index.php\/wp-json\/wp\/v2\/users\/1"}],"replies":[{"embeddable":true,"href":"https:\/\/zonalimitrofe-cbnr.com\/index.php\/wp-json\/wp\/v2\/comments?post=22633"}],"version-history":[{"count":1,"href":"https:\/\/zonalimitrofe-cbnr.com\/index.php\/wp-json\/wp\/v2\/posts\/22633\/revisions"}],"predecessor-version":[{"id":22635,"href":"https:\/\/zonalimitrofe-cbnr.com\/index.php\/wp-json\/wp\/v2\/posts\/22633\/revisions\/22635"}],"wp:featuredmedia":[{"embeddable":true,"href":"https:\/\/zonalimitrofe-cbnr.com\/index.php\/wp-json\/wp\/v2\/media\/22634"}],"wp:attachment":[{"href":"https:\/\/zonalimitrofe-cbnr.com\/index.php\/wp-json\/wp\/v2\/media?parent=22633"}],"wp:term":[{"taxonomy":"category","embeddable":true,"href":"https:\/\/zonalimitrofe-cbnr.com\/index.php\/wp-json\/wp\/v2\/categories?post=22633"},{"taxonomy":"post_tag","embeddable":true,"href":"https:\/\/zonalimitrofe-cbnr.com\/index.php\/wp-json\/wp\/v2\/tags?post=22633"}],"curies":[{"name":"wp","href":"https:\/\/api.w.org\/{rel}","templated":true}]}}