{"id":22606,"date":"2025-07-11T16:05:09","date_gmt":"2025-07-11T22:05:09","guid":{"rendered":"https:\/\/zonalimitrofe-cbnr.com\/?p=22606"},"modified":"2025-07-11T16:05:09","modified_gmt":"2025-07-11T22:05:09","slug":"lerdo-se-reune-homero-martinez-con-titular-de-secope-para-gestionar-proyectos-en-lerdo","status":"publish","type":"post","link":"https:\/\/zonalimitrofe-cbnr.com\/index.php\/2025\/07\/11\/lerdo-se-reune-homero-martinez-con-titular-de-secope-para-gestionar-proyectos-en-lerdo\/","title":{"rendered":"#Lerdo. SE RE\u00daNE HOMERO MART\u00cdNEZ CON TITULAR DE SECOPE PARA GESTIONAR PROYECTOS EN LERDO*"},"content":{"rendered":"\n<p>Lerdo, 11 de julio 2025.- El Presidente Municipal de Lerdo, Homero Mart\u00ednez Cabrera, sostuvo recientemente una gira de trabajo en la capital del estado, donde se reuni\u00f3 con la titular de la Secretar\u00eda de Comunicaciones y Obras P\u00fablicas del Estado (SECOPE), Ana Rosa Hern\u00e1ndez Renter\u00eda.<\/p>\n\n\n\n<p>Durante este encuentro, ambas autoridades dialogaron sobre los proyectos estrat\u00e9gicos que encabeza el Gobernador Esteban Villegas Villarreal en el municipio, destacando la rehabilitaci\u00f3n del Parque Vivero Las Auras, uno de los espacios naturales m\u00e1s representativos de la ciudad.<\/p>\n\n\n\n<p>&#8220;Es un proyecto que hemos venido trabajando con mucha anticipaci\u00f3n y estamos cerca de que sea una realidad, miles de lerdenses han solicitado est\u00e1 rehabilitaci\u00f3n. Decirles que en pr\u00f3ximos d\u00edas el Gobernador presentar\u00e1 un proyecto para mejorar este ic\u00f3nico espacio&#8221;<\/p>\n\n\n\n<p>El Alcalde agradeci\u00f3 a la Secretaria Ana Rosa Hern\u00e1ndez Renter\u00eda, por su disposici\u00f3n y apertura para trabajar de manera coordinada en beneficio de las y los lerdenses.<\/p>\n\n\n\n<p>Asimismo, reiter\u00f3 su compromiso de continuar gestionando obras que fortalezcan la infraestructura y mejoren la calidad de vida de los habitantes del municipio, hasta el \u00faltimo d\u00eda de su administraci\u00f3n.<\/p>\n","protected":false},"excerpt":{"rendered":"<p>Lerdo, 11 de julio 2025.- El Presidente Municipal de Lerdo, Homero Mart\u00ednez Cabrera, sostuvo recientemente una gira de trabajo en la capital del estado, donde se reuni\u00f3 con la titular de la Secretar\u00eda de Comunicaciones y Obras P\u00fablicas del Estado (SECOPE), Ana Rosa Hern\u00e1ndez Renter\u00eda. Durante este encuentro, ambas autoridades dialogaron sobre los proyectos estrat\u00e9gicos [&hellip;]<\/p>\n","protected":false},"author":1,"featured_media":22607,"comment_status":"open","ping_status":"open","sticky":false,"template":"","format":"standard","meta":{"_monsterinsights_skip_tracking":false,"_monsterinsights_sitenote_active":false,"_monsterinsights_sitenote_note":"","_monsterinsights_sitenote_category":0,"footnotes":""},"categories":[1],"tags":[],"_links":{"self":[{"href":"https:\/\/zonalimitrofe-cbnr.com\/index.php\/wp-json\/wp\/v2\/posts\/22606"}],"collection":[{"href":"https:\/\/zonalimitrofe-cbnr.com\/index.php\/wp-json\/wp\/v2\/posts"}],"about":[{"href":"https:\/\/zonalimitrofe-cbnr.com\/index.php\/wp-json\/wp\/v2\/types\/post"}],"author":[{"embeddable":true,"href":"https:\/\/zonalimitrofe-cbnr.com\/index.php\/wp-json\/wp\/v2\/users\/1"}],"replies":[{"embeddable":true,"href":"https:\/\/zonalimitrofe-cbnr.com\/index.php\/wp-json\/wp\/v2\/comments?post=22606"}],"version-history":[{"count":1,"href":"https:\/\/zonalimitrofe-cbnr.com\/index.php\/wp-json\/wp\/v2\/posts\/22606\/revisions"}],"predecessor-version":[{"id":22608,"href":"https:\/\/zonalimitrofe-cbnr.com\/index.php\/wp-json\/wp\/v2\/posts\/22606\/revisions\/22608"}],"wp:featuredmedia":[{"embeddable":true,"href":"https:\/\/zonalimitrofe-cbnr.com\/index.php\/wp-json\/wp\/v2\/media\/22607"}],"wp:attachment":[{"href":"https:\/\/zonalimitrofe-cbnr.com\/index.php\/wp-json\/wp\/v2\/media?parent=22606"}],"wp:term":[{"taxonomy":"category","embeddable":true,"href":"https:\/\/zonalimitrofe-cbnr.com\/index.php\/wp-json\/wp\/v2\/categories?post=22606"},{"taxonomy":"post_tag","embeddable":true,"href":"https:\/\/zonalimitrofe-cbnr.com\/index.php\/wp-json\/wp\/v2\/tags?post=22606"}],"curies":[{"name":"wp","href":"https:\/\/api.w.org\/{rel}","templated":true}]}}