{"id":22603,"date":"2025-07-11T16:03:01","date_gmt":"2025-07-11T22:03:01","guid":{"rendered":"https:\/\/zonalimitrofe-cbnr.com\/?p=22603"},"modified":"2025-07-11T16:03:01","modified_gmt":"2025-07-11T22:03:01","slug":"gp-reforestan-bosque-rio-nazas-con-motivo-del-dia-del-arbol-en-gomez-palacio","status":"publish","type":"post","link":"https:\/\/zonalimitrofe-cbnr.com\/index.php\/2025\/07\/11\/gp-reforestan-bosque-rio-nazas-con-motivo-del-dia-del-arbol-en-gomez-palacio\/","title":{"rendered":"#GP. Reforestan Bosque R\u00edo Nazas con motivo del D\u00eda del \u00c1rbol en G\u00f3mez Palacio*"},"content":{"rendered":"\n<p>El Ayuntamiento de G\u00f3mez Palacio, a trav\u00e9s de la Direcci\u00f3n de Ecolog\u00eda y Protecci\u00f3n al Ambiente, llev\u00f3 a cabo una jornada especial para conmemorar el D\u00eda del \u00c1rbol este 10 de julio.<\/p>\n\n\n\n<p>Como parte del compromiso ambiental de la actual administraci\u00f3n, se plantaron 100 ejemplares de especies nativas, como huizache y mezquite, en el Bosque R\u00edo Nazas, sum\u00e1ndose a los casi 300 \u00e1rboles que ya existen en el sitio.<\/p>\n\n\n\n<p>Gustavo Acosta V\u00e1zquez, titular de la Direcci\u00f3n de Ecolog\u00eda, explic\u00f3 que este esfuerzo tiene como objetivo fortalecer la cobertura vegetal de la zona y continuar con el proceso de recuperaci\u00f3n de un espacio que durante a\u00f1os fue utilizado como basurero.<\/p>\n\n\n\n<p>\u201cRestaurar un ecosistema toma tiempo. El crecimiento de los \u00e1rboles en este terreno es m\u00e1s lento debido a las condiciones del suelo, pero cada ejemplar representa un paso firme hacia la recuperaci\u00f3n del equilibrio ambiental\u201d, expres\u00f3 Acosta V\u00e1zquez.<\/p>\n\n\n\n<p>Destac\u00f3 que esta acci\u00f3n va m\u00e1s all\u00e1 de una reforestaci\u00f3n convencional, al tratarse de una estrategia planificada, con ejemplares ubicados estrat\u00e9gicamente para asegurar su supervivencia y su contribuci\u00f3n a los servicios ecosist\u00e9micos del \u00e1rea, como la captura de carbono, la mejora del suelo y la regulaci\u00f3n de la temperatura.<\/p>\n\n\n\n<p>Finalmente, el funcionario subray\u00f3 que, gracias al respaldo de la Presidenta Municipal Leticia Herrera Ale, esta iniciativa forma parte de una visi\u00f3n integral que promueve el desarrollo sostenible y la mejora de la calidad de vida de las familias gomezpalatinas.<\/p>\n","protected":false},"excerpt":{"rendered":"<p>El Ayuntamiento de G\u00f3mez Palacio, a trav\u00e9s de la Direcci\u00f3n de Ecolog\u00eda y Protecci\u00f3n al Ambiente, llev\u00f3 a cabo una jornada especial para conmemorar el D\u00eda del \u00c1rbol este 10 de julio. Como parte del compromiso ambiental de la actual administraci\u00f3n, se plantaron 100 ejemplares de especies nativas, como huizache y mezquite, en el Bosque [&hellip;]<\/p>\n","protected":false},"author":1,"featured_media":22604,"comment_status":"open","ping_status":"open","sticky":false,"template":"","format":"standard","meta":{"_monsterinsights_skip_tracking":false,"_monsterinsights_sitenote_active":false,"_monsterinsights_sitenote_note":"","_monsterinsights_sitenote_category":0,"footnotes":""},"categories":[1],"tags":[],"_links":{"self":[{"href":"https:\/\/zonalimitrofe-cbnr.com\/index.php\/wp-json\/wp\/v2\/posts\/22603"}],"collection":[{"href":"https:\/\/zonalimitrofe-cbnr.com\/index.php\/wp-json\/wp\/v2\/posts"}],"about":[{"href":"https:\/\/zonalimitrofe-cbnr.com\/index.php\/wp-json\/wp\/v2\/types\/post"}],"author":[{"embeddable":true,"href":"https:\/\/zonalimitrofe-cbnr.com\/index.php\/wp-json\/wp\/v2\/users\/1"}],"replies":[{"embeddable":true,"href":"https:\/\/zonalimitrofe-cbnr.com\/index.php\/wp-json\/wp\/v2\/comments?post=22603"}],"version-history":[{"count":1,"href":"https:\/\/zonalimitrofe-cbnr.com\/index.php\/wp-json\/wp\/v2\/posts\/22603\/revisions"}],"predecessor-version":[{"id":22605,"href":"https:\/\/zonalimitrofe-cbnr.com\/index.php\/wp-json\/wp\/v2\/posts\/22603\/revisions\/22605"}],"wp:featuredmedia":[{"embeddable":true,"href":"https:\/\/zonalimitrofe-cbnr.com\/index.php\/wp-json\/wp\/v2\/media\/22604"}],"wp:attachment":[{"href":"https:\/\/zonalimitrofe-cbnr.com\/index.php\/wp-json\/wp\/v2\/media?parent=22603"}],"wp:term":[{"taxonomy":"category","embeddable":true,"href":"https:\/\/zonalimitrofe-cbnr.com\/index.php\/wp-json\/wp\/v2\/categories?post=22603"},{"taxonomy":"post_tag","embeddable":true,"href":"https:\/\/zonalimitrofe-cbnr.com\/index.php\/wp-json\/wp\/v2\/tags?post=22603"}],"curies":[{"name":"wp","href":"https:\/\/api.w.org\/{rel}","templated":true}]}}