{"id":22587,"date":"2025-07-11T15:39:10","date_gmt":"2025-07-11T21:39:10","guid":{"rendered":"https:\/\/zonalimitrofe-cbnr.com\/?p=22587"},"modified":"2025-07-11T15:39:10","modified_gmt":"2025-07-11T21:39:10","slug":"gp-invita-ayuntamiento-de-gomez-palacio-al-curso-de-verano-mis-vacaciones-en-la-biblioteca","status":"publish","type":"post","link":"https:\/\/zonalimitrofe-cbnr.com\/index.php\/2025\/07\/11\/gp-invita-ayuntamiento-de-gomez-palacio-al-curso-de-verano-mis-vacaciones-en-la-biblioteca\/","title":{"rendered":"#GP. Invita Ayuntamiento de G\u00f3mez Palacio al curso de verano \u201cMis Vacaciones en la Biblioteca\u201d*"},"content":{"rendered":"\n<p>Con el objetivo de fomentar la lectura, la creatividad y la sana diversi\u00f3n en ni\u00f1os, j\u00f3venes y adultos durante el periodo vacacional, el Ayuntamiento de G\u00f3mez Palacio, a trav\u00e9s de la Direcci\u00f3n de Arte y Cultura, invita a participar en el curso de verano \u201cMis Vacaciones en la Biblioteca\u201d, el cual se llevar\u00e1 a cabo del 28 de julio al 8 de agosto, ofreciendo una variedad de talleres dise\u00f1ados para promover la lectura de forma l\u00fadica y recreativa.<\/p>\n\n\n\n<p>Melissa Reuter P\u00e9rez, titular de la dependencia, destac\u00f3 que el curso est\u00e1 especialmente dirigido a ni\u00f1as y ni\u00f1os, quienes disfrutar\u00e1n de actividades como Huateque de Palabras, Acuerdo para la Convivencia, Piqu\u00edn de Versos y Sones, Retratos de Familia, Factor Sorpresa y Sue\u00f1os de Tinta y Papel.<\/p>\n\n\n\n<p>\u201cPor instrucci\u00f3n de la Presidenta Municipal Leticia Herrera Ale, durante estas vacaciones nos aseguraremos de ofrecer espacios de recreaci\u00f3n segura e interacci\u00f3n entre la ni\u00f1ez gomezpalatina, y qu\u00e9 mejor manera de lograrlo que a trav\u00e9s de talleres que estimulen la imaginaci\u00f3n, fortalezcan el h\u00e1bito de la lectura y promuevan el respeto por los espacios p\u00fablicos\u201d, se\u00f1al\u00f3 la funcionaria.<\/p>\n\n\n\n<p>Asimismo, hizo un llamado a los padres de familia para que se acerquen a la biblioteca m\u00e1s cercana y registren a sus hijos, ya que estos cursos, completamente gratuitos, se desarrollar\u00e1n en coordinaci\u00f3n con las bibliotecas p\u00fablicas municipales, aprovechando su infraestructura y el ambiente propicio para el aprendizaje.<\/p>\n\n\n\n<p>Las bibliotecas sede de este programa ser\u00e1n:<\/p>\n\n\n\n<p>Centro de Convenciones Francisco Zarco<\/p>\n\n\n\n<p>Centro Cultural Salvador Maldonado Ibarra, Poblado El 7<\/p>\n\n\n\n<p>Biblioteca Juana Villalobos, Ejido Seis de Octubre<\/p>\n\n\n\n<p>Biblioteca Ana Mar\u00eda Flores S\u00e1nchez, Gregorio A. Garc\u00eda<\/p>\n\n\n\n<p>Biblioteca Armando del Castillo Franco, colonia Los \u00c1lamos<\/p>\n\n\n\n<p>Biblioteca John F. Brittingham, Parque La Esperanza<\/p>\n\n\n\n<p>Biblioteca Jos\u00e9 Revueltas, colonia Felipe \u00c1ngeles<\/p>\n\n\n\n<p>Biblioteca Francisco Zarco Mateos, Ejido Venecia<\/p>\n\n\n\n<p>Centro Cultural Dolores del R\u00edo<\/p>\n","protected":false},"excerpt":{"rendered":"<p>Con el objetivo de fomentar la lectura, la creatividad y la sana diversi\u00f3n en ni\u00f1os, j\u00f3venes y adultos durante el periodo vacacional, el Ayuntamiento de G\u00f3mez Palacio, a trav\u00e9s de la Direcci\u00f3n de Arte y Cultura, invita a participar en el curso de verano \u201cMis Vacaciones en la Biblioteca\u201d, el cual se llevar\u00e1 a cabo [&hellip;]<\/p>\n","protected":false},"author":1,"featured_media":22588,"comment_status":"open","ping_status":"open","sticky":false,"template":"","format":"standard","meta":{"_monsterinsights_skip_tracking":false,"_monsterinsights_sitenote_active":false,"_monsterinsights_sitenote_note":"","_monsterinsights_sitenote_category":0,"footnotes":""},"categories":[1],"tags":[],"_links":{"self":[{"href":"https:\/\/zonalimitrofe-cbnr.com\/index.php\/wp-json\/wp\/v2\/posts\/22587"}],"collection":[{"href":"https:\/\/zonalimitrofe-cbnr.com\/index.php\/wp-json\/wp\/v2\/posts"}],"about":[{"href":"https:\/\/zonalimitrofe-cbnr.com\/index.php\/wp-json\/wp\/v2\/types\/post"}],"author":[{"embeddable":true,"href":"https:\/\/zonalimitrofe-cbnr.com\/index.php\/wp-json\/wp\/v2\/users\/1"}],"replies":[{"embeddable":true,"href":"https:\/\/zonalimitrofe-cbnr.com\/index.php\/wp-json\/wp\/v2\/comments?post=22587"}],"version-history":[{"count":1,"href":"https:\/\/zonalimitrofe-cbnr.com\/index.php\/wp-json\/wp\/v2\/posts\/22587\/revisions"}],"predecessor-version":[{"id":22589,"href":"https:\/\/zonalimitrofe-cbnr.com\/index.php\/wp-json\/wp\/v2\/posts\/22587\/revisions\/22589"}],"wp:featuredmedia":[{"embeddable":true,"href":"https:\/\/zonalimitrofe-cbnr.com\/index.php\/wp-json\/wp\/v2\/media\/22588"}],"wp:attachment":[{"href":"https:\/\/zonalimitrofe-cbnr.com\/index.php\/wp-json\/wp\/v2\/media?parent=22587"}],"wp:term":[{"taxonomy":"category","embeddable":true,"href":"https:\/\/zonalimitrofe-cbnr.com\/index.php\/wp-json\/wp\/v2\/categories?post=22587"},{"taxonomy":"post_tag","embeddable":true,"href":"https:\/\/zonalimitrofe-cbnr.com\/index.php\/wp-json\/wp\/v2\/tags?post=22587"}],"curies":[{"name":"wp","href":"https:\/\/api.w.org\/{rel}","templated":true}]}}