{"id":22581,"date":"2025-07-11T15:35:49","date_gmt":"2025-07-11T21:35:49","guid":{"rendered":"https:\/\/zonalimitrofe-cbnr.com\/?p=22581"},"modified":"2025-07-11T15:35:49","modified_gmt":"2025-07-11T21:35:49","slug":"lerdo-proximo-martes-campana-de-reforestacion-llegara-a-villa-juan-e-garcia","status":"publish","type":"post","link":"https:\/\/zonalimitrofe-cbnr.com\/index.php\/2025\/07\/11\/lerdo-proximo-martes-campana-de-reforestacion-llegara-a-villa-juan-e-garcia\/","title":{"rendered":"#Lerdo. PR\u00d3XIMO MARTES, CAMPA\u00d1A DE REFORESTACI\u00d3N LLEGAR\u00c1 A VILLA JUAN E. GARC\u00cdA*"},"content":{"rendered":"\n<p>Lerdo, 11 de julio 2025.- El director de Medio Ambiente y Ecolog\u00eda, Ricardo D\u00edaz Segovia, dio a conocer que el pr\u00f3ximo martes 15 de julio, la campa\u00f1a de Reforestaci\u00f3n \u201cVen y Adopta un \u00c1rbol\u201d llegar\u00e1 a la Villa de Juan E. Garc\u00eda, instal\u00e1ndose en la plaza de la comunidad, de 10:00 de la ma\u00f1ana a 1:00 de la tarde.<\/p>\n\n\n\n<p>Mencion\u00f3 que el Presidente Municipal Homero Mart\u00ednez Cabrera est\u00e1 interesado en fortalecer la cultura ambiental en el municipio de Lerdo, por ello, se exhorta a los habitantes para sumarse a la campa\u00f1a y comprometerse con el cuidado de los ejemplares.<\/p>\n\n\n\n<p>Se estar\u00e1n donando \u00e1rboles frutales, lila canelo, fresno americano, ping\u00fcico, \u00e1lamo plateado, l\u00e1grima de San Pedro, jacaranda, pirul mexicano, tabach\u00edn, mezquite chileno y m\u00e1s.<\/p>\n\n\n\n<p>Tambi\u00e9n inform\u00f3 que, el personal de Medio Ambiente y Ecolog\u00eda llevar\u00e1 un control de los \u00e1rboles plantados, visitando domicilios y asegur\u00e1ndose de que se le brinden los cuidados adecuados a cada ejemplar.<\/p>\n","protected":false},"excerpt":{"rendered":"<p>Lerdo, 11 de julio 2025.- El director de Medio Ambiente y Ecolog\u00eda, Ricardo D\u00edaz Segovia, dio a conocer que el pr\u00f3ximo martes 15 de julio, la campa\u00f1a de Reforestaci\u00f3n \u201cVen y Adopta un \u00c1rbol\u201d llegar\u00e1 a la Villa de Juan E. Garc\u00eda, instal\u00e1ndose en la plaza de la comunidad, de 10:00 de la ma\u00f1ana a [&hellip;]<\/p>\n","protected":false},"author":1,"featured_media":22582,"comment_status":"open","ping_status":"open","sticky":false,"template":"","format":"standard","meta":{"_monsterinsights_skip_tracking":false,"_monsterinsights_sitenote_active":false,"_monsterinsights_sitenote_note":"","_monsterinsights_sitenote_category":0,"footnotes":""},"categories":[1],"tags":[],"_links":{"self":[{"href":"https:\/\/zonalimitrofe-cbnr.com\/index.php\/wp-json\/wp\/v2\/posts\/22581"}],"collection":[{"href":"https:\/\/zonalimitrofe-cbnr.com\/index.php\/wp-json\/wp\/v2\/posts"}],"about":[{"href":"https:\/\/zonalimitrofe-cbnr.com\/index.php\/wp-json\/wp\/v2\/types\/post"}],"author":[{"embeddable":true,"href":"https:\/\/zonalimitrofe-cbnr.com\/index.php\/wp-json\/wp\/v2\/users\/1"}],"replies":[{"embeddable":true,"href":"https:\/\/zonalimitrofe-cbnr.com\/index.php\/wp-json\/wp\/v2\/comments?post=22581"}],"version-history":[{"count":1,"href":"https:\/\/zonalimitrofe-cbnr.com\/index.php\/wp-json\/wp\/v2\/posts\/22581\/revisions"}],"predecessor-version":[{"id":22583,"href":"https:\/\/zonalimitrofe-cbnr.com\/index.php\/wp-json\/wp\/v2\/posts\/22581\/revisions\/22583"}],"wp:featuredmedia":[{"embeddable":true,"href":"https:\/\/zonalimitrofe-cbnr.com\/index.php\/wp-json\/wp\/v2\/media\/22582"}],"wp:attachment":[{"href":"https:\/\/zonalimitrofe-cbnr.com\/index.php\/wp-json\/wp\/v2\/media?parent=22581"}],"wp:term":[{"taxonomy":"category","embeddable":true,"href":"https:\/\/zonalimitrofe-cbnr.com\/index.php\/wp-json\/wp\/v2\/categories?post=22581"},{"taxonomy":"post_tag","embeddable":true,"href":"https:\/\/zonalimitrofe-cbnr.com\/index.php\/wp-json\/wp\/v2\/tags?post=22581"}],"curies":[{"name":"wp","href":"https:\/\/api.w.org\/{rel}","templated":true}]}}