{"id":22572,"date":"2025-07-11T15:27:10","date_gmt":"2025-07-11T21:27:10","guid":{"rendered":"https:\/\/zonalimitrofe-cbnr.com\/?p=22572"},"modified":"2025-07-11T15:27:10","modified_gmt":"2025-07-11T21:27:10","slug":"torreon-roman-alberto-cepeda-gonzalez-entrega-rehabilitacion-de-la-plaza-madero","status":"publish","type":"post","link":"https:\/\/zonalimitrofe-cbnr.com\/index.php\/2025\/07\/11\/torreon-roman-alberto-cepeda-gonzalez-entrega-rehabilitacion-de-la-plaza-madero\/","title":{"rendered":"#Torre\u00f3n. Rom\u00e1n Alberto Cepeda Gonz\u00e1lez entrega rehabilitaci\u00f3n de la Plaza Madero"},"content":{"rendered":"\n<p>Torre\u00f3n, Coahuila. A 11 de julio de 2025<\/p>\n\n\n\n<p>El alcalde Rom\u00e1n Alberto Cepeda Gonz\u00e1lez entreg\u00f3 este viernes la rehabilitaci\u00f3n de la Plaza Madero, adem\u00e1s de llevar los servicios de la brigada municipal y entregar junto con la presidenta del DIF Torre\u00f3n, Selina Bremer de Cepeda, aparatos de movilidad a personas en condici\u00f3n vulnerable.<\/p>\n\n\n\n<p>La brigada \u201cEl Alcalde y su equipo en tu colonia hacen m\u00e1s\u201d, realiz\u00f3 en el sector Centro m\u00e1s de 300 acciones como la recolecci\u00f3n de m\u00e1s de 700 toneladas de basura, trabajos de micro pavimento y bacheo en m\u00e1s de 20 mil metros cuadrados, 181 kil\u00f3metros de cable en desuso retirados, pintura de bardas perimetrales en dos escuelas, y labores de atenci\u00f3n al drenaje, entre otras.<\/p>\n\n\n\n<p>Las labores de la Administraci\u00f3n beneficiaron a alrededor de 9 mil 800 vecinos del sector.<\/p>\n\n\n\n<p>En su mensaje, el Presidente Municipal destac\u00f3 la visita del secretario de Salud de Coahuila, Eliud Felipe Aguirre V\u00e1zquez, como muestra del trabajo conjunto y coordinado que se realiza con el gobernador Manolo Jim\u00e9nez Salinas.<\/p>\n\n\n\n<p>Asimismo, reconoci\u00f3 el trabajo del equipo que conforma la Administraci\u00f3n Municipal, que est\u00e1 comprometido con la construcci\u00f3n de un mejor Torre\u00f3n, y agradeci\u00f3 a los habitantes del sector por haberle dado su confianza.<\/p>\n\n\n\n<p>En ese sentido, el edil mencion\u00f3 que en respuesta a la confianza de la ciudadan\u00eda, su gobierno trabaja por atender las necesidades de cada sector y responder a las solicitudes que le han hecho, como es la rehabilitaci\u00f3n de la Plaza Madero.<\/p>\n\n\n\n<p>\u201cLa remodelaci\u00f3n de esta plaza no es casualidad, es un tema de convivencia de hacer justicia, de dar respuesta a las peticiones que ustedes mismos han expresado. Hemos atendido m\u00e1s de 450 plazas, y se tiene contemplado intervenir cerca de 300 m\u00e1s. Tan solo este a\u00f1o, se completar\u00e1n 100 espacios p\u00fablicos mediante el programa \u201cDe 0 a 100\u201d, las 100 plazas por Torre\u00f3n\u201d, afirm\u00f3.<\/p>\n\n\n\n<p>Cepeda Gonz\u00e1lez dijo que las necesidades nunca terminan, pero su compromiso tampoco, por lo que reiter\u00f3 que seguir\u00e1 trabajando con dedicaci\u00f3n, con responsabilidad y con la firme voluntad de ir cambiando Torre\u00f3n todos los d\u00edas, sabiendo que hay retos importantes cada vez.<\/p>\n\n\n\n<p>\u201cTenemos un gran equipo trabajando, Torre\u00f3n ha cambiado, tenemos un Torre\u00f3n m\u00e1s seguro, con m\u00e1s empleo, donde cada \u00e1rea de la ciudad nos preocupa y nos ocupa\u201d.<\/p>\n\n\n\n<p>El Alcalde subray\u00f3 que cada una de las obras se realiza con compromiso y con el respaldo de la ciudadan\u00eda, lo que permite avanzar hacia el desarrollo del municipio.<\/p>\n\n\n\n<p>\u201cLo he dicho, lo m\u00e1s valioso que tiene Torre\u00f3n es su gente, son ustedes quienes han dedicado parte de su vida en trabajar y construir una mejor ciudad. Nadie es m\u00e1s fuerte que todos juntos, y no tengo duda de que unidos seguiremos construyendo el Torre\u00f3n que todos queremos para que Coahuila siga siendo un ejemplo a nivel nacional y Torre\u00f3n siempre pueda m\u00e1s\u201d.<\/p>\n\n\n\n<p>Por su parte, Leticia Casta\u00f1o Orozco, administradora local de recaudaci\u00f3n de rentas y coordinadora de sector, resalt\u00f3 que el \u00e1rea del Centro hab\u00eda estado desatendida a\u00f1os atr\u00e1s, y reconoci\u00f3 al Alcalde por ser el primero en visitar este sector.<\/p>\n\n\n\n<p>Tambi\u00e9n destac\u00f3 el trabajo con gran sentido humano que realiza en el DIF Torre\u00f3n la se\u00f1ora Selina Bremer, y al equipo municipal y estatal por atender en la brigada a la ciudadan\u00eda.<\/p>\n\n\n\n<p>A nombre de los vecinos beneficiarios, Manuela Isabel J\u00e1quez Garc\u00eda, resalt\u00f3 las mejoras realizadas en la plaza Madero y en todo el sector Centro.<\/p>\n\n\n\n<p>Estuvieron tambi\u00e9n presentes: Luis Jorge Cuerda Serna, primer regidor del Ayuntamiento; Jos\u00e9 El\u00edas Ganem Guerrero, secretario del Ayuntamiento; Ariel Mart\u00ednez Mendoza, jefe de Gabinete; Marlene Mart\u00ednez Vald\u00e9s, directora del DIF Torre\u00f3n; Fernando Villarreal Cu\u00e9llar, director de Servicios P\u00fablicos; y Salvador S\u00e1nchez \u00c1vila; presidente del Colegio de Notarios.<\/p>\n","protected":false},"excerpt":{"rendered":"<p>Torre\u00f3n, Coahuila. A 11 de julio de 2025 El alcalde Rom\u00e1n Alberto Cepeda Gonz\u00e1lez entreg\u00f3 este viernes la rehabilitaci\u00f3n de la Plaza Madero, adem\u00e1s de llevar los servicios de la brigada municipal y entregar junto con la presidenta del DIF Torre\u00f3n, Selina Bremer de Cepeda, aparatos de movilidad a personas en condici\u00f3n vulnerable. La brigada [&hellip;]<\/p>\n","protected":false},"author":1,"featured_media":22573,"comment_status":"open","ping_status":"open","sticky":false,"template":"","format":"standard","meta":{"_monsterinsights_skip_tracking":false,"_monsterinsights_sitenote_active":false,"_monsterinsights_sitenote_note":"","_monsterinsights_sitenote_category":0,"footnotes":""},"categories":[1],"tags":[],"_links":{"self":[{"href":"https:\/\/zonalimitrofe-cbnr.com\/index.php\/wp-json\/wp\/v2\/posts\/22572"}],"collection":[{"href":"https:\/\/zonalimitrofe-cbnr.com\/index.php\/wp-json\/wp\/v2\/posts"}],"about":[{"href":"https:\/\/zonalimitrofe-cbnr.com\/index.php\/wp-json\/wp\/v2\/types\/post"}],"author":[{"embeddable":true,"href":"https:\/\/zonalimitrofe-cbnr.com\/index.php\/wp-json\/wp\/v2\/users\/1"}],"replies":[{"embeddable":true,"href":"https:\/\/zonalimitrofe-cbnr.com\/index.php\/wp-json\/wp\/v2\/comments?post=22572"}],"version-history":[{"count":1,"href":"https:\/\/zonalimitrofe-cbnr.com\/index.php\/wp-json\/wp\/v2\/posts\/22572\/revisions"}],"predecessor-version":[{"id":22574,"href":"https:\/\/zonalimitrofe-cbnr.com\/index.php\/wp-json\/wp\/v2\/posts\/22572\/revisions\/22574"}],"wp:featuredmedia":[{"embeddable":true,"href":"https:\/\/zonalimitrofe-cbnr.com\/index.php\/wp-json\/wp\/v2\/media\/22573"}],"wp:attachment":[{"href":"https:\/\/zonalimitrofe-cbnr.com\/index.php\/wp-json\/wp\/v2\/media?parent=22572"}],"wp:term":[{"taxonomy":"category","embeddable":true,"href":"https:\/\/zonalimitrofe-cbnr.com\/index.php\/wp-json\/wp\/v2\/categories?post=22572"},{"taxonomy":"post_tag","embeddable":true,"href":"https:\/\/zonalimitrofe-cbnr.com\/index.php\/wp-json\/wp\/v2\/tags?post=22572"}],"curies":[{"name":"wp","href":"https:\/\/api.w.org\/{rel}","templated":true}]}}