{"id":22566,"date":"2025-07-11T15:21:48","date_gmt":"2025-07-11T21:21:48","guid":{"rendered":"https:\/\/zonalimitrofe-cbnr.com\/?p=22566"},"modified":"2025-07-11T15:21:49","modified_gmt":"2025-07-11T21:21:49","slug":"torreon-cumple-en-factibilidad-para-arrancar-proyecto-de-drenaje-pluvial","status":"publish","type":"post","link":"https:\/\/zonalimitrofe-cbnr.com\/index.php\/2025\/07\/11\/torreon-cumple-en-factibilidad-para-arrancar-proyecto-de-drenaje-pluvial\/","title":{"rendered":"#Torre\u00f3n cumple en factibilidad para arrancar proyecto de drenaje pluvial"},"content":{"rendered":"\n<p>Torre\u00f3n, Coahuila.- Resultado de un trabajo conjunto que se ha venido desarrollando desde la anterior Administraci\u00f3n Municipal, y en atenci\u00f3n a una problem\u00e1tica hist\u00f3rica como son las afectaciones por las lluvias en la ciudad, Torre\u00f3n se encuentra preparado para que arranque la construcci\u00f3n del sistema integral de drenaje pluvial, toda vez que los procesos de factibilidad que competen a las dem\u00e1s instancias competentes sean concluidos.<\/p>\n\n\n\n<p>El diputado Felipe Gonz\u00e1lez Miranda dijo que el problema con las lluvias en la ciudad, es que cuando se presentan deja grandes afectaciones, por lo que desde el Gobierno del Estado de Coahuila, con el Gobierno Municipal y en conjunto con la sociedad civil organizada como ha sido en este caso Fomento Econ\u00f3mico Laguna (FOMEC), iniciaron hace un par de a\u00f1os con un proyecto que contempla las condiciones geogr\u00e1ficas de la ciudad y las implicaciones que se deben considerar.<\/p>\n\n\n\n<p>Resalt\u00f3 que se trata de un proyecto ambicioso que exige un trabajo amplio llevado a constantes mesas de estudios con los expertos en las diferentes materias t\u00e9cnicas, geogr\u00e1ficas, legales y econ\u00f3micas.<\/p>\n\n\n\n<p>En ese sentido, dijo que se han entregado la informaci\u00f3n y se han encontrado una colaboraci\u00f3n plena de todos los \u00f3rdenes de gobierno, por lo que considera, se ha avanzado en el proyecto para la pronta ejecuci\u00f3n.<\/p>\n\n\n\n<p>Destac\u00f3 que es un tema que no distingue partidos pol\u00edticos porque los ciudadanos esperan solucionen y que como servidores p\u00fablicos deben generar condiciones para que haya una mejor calidad de vida para la poblaci\u00f3n.<\/p>\n\n\n\n<p>\u201cEl gobernador Manolo Jim\u00e9nez ha hecho una excelente relaci\u00f3n con la presidenta, con la doctora Claudia Sheinbaum, y en esa coordinaci\u00f3n entre los tres \u00f3rdenes de Gobierno, Coahuila va a avanzar y esta obra que es prioritaria se va a destrabar\u201d, se\u00f1al\u00f3.<\/p>\n\n\n\n<p>El diputado mencion\u00f3 que en la reciente reuni\u00f3n donde particip\u00f3 el Municipio junto con Gobierno del Estado de Coahuila, la gente del CEAS, CONAGUA y legisladores, se lleg\u00f3 a acuerdo importantes que est\u00e1n resumidos en un informe ejecutivo, donde enmarca los cuatro ejes principales del proyecto:<\/p>\n\n\n\n<p>lla factibilidad econ\u00f3mica, la que est\u00e1 a un 100 por ciento; la factibilidad legal que est\u00e1 un 95 cinco por ciento; la factibilidad ambiental que tambi\u00e9n est\u00e1 solo a un 5 por ciento pendiente; y la factibilidad t\u00e9cnica, que tambi\u00e9n ya hasta el 100 por ciento.<\/p>\n\n\n\n<p>Adem\u00e1s, dijo que est\u00e1 dividida en tres etapas con 17 proyectos y una inversi\u00f3n total que rebasa los mil 800 millones de pesos.<\/p>\n\n\n\n<p>Destac\u00f3 tambi\u00e9n que el alcalde Rom\u00e1n Alberto Cepeda Gonz\u00e1lez, ha hecho lo que le corresponde incluso presentando el proyecto a nivel mundial en su viaje a Bruselas donde el proyecto qued\u00f3 entre los finalistas, y afirm\u00f3 que en su gobierno le apuesta al trabajo.<\/p>\n\n\n\n<p>En ese sentido, explic\u00f3 que en la parte que Torre\u00f3n tiene responsabilidad para la realizaci\u00f3n del proyecto, que es la factibilidad legal, se tiene el trabajo, la voluntad y la coordinaci\u00f3n para colaborar con los \u00f3rdenes de Gobierno.<\/p>\n","protected":false},"excerpt":{"rendered":"<p>Torre\u00f3n, Coahuila.- Resultado de un trabajo conjunto que se ha venido desarrollando desde la anterior Administraci\u00f3n Municipal, y en atenci\u00f3n a una problem\u00e1tica hist\u00f3rica como son las afectaciones por las lluvias en la ciudad, Torre\u00f3n se encuentra preparado para que arranque la construcci\u00f3n del sistema integral de drenaje pluvial, toda vez que los procesos de [&hellip;]<\/p>\n","protected":false},"author":1,"featured_media":22567,"comment_status":"open","ping_status":"open","sticky":false,"template":"","format":"standard","meta":{"_monsterinsights_skip_tracking":false,"_monsterinsights_sitenote_active":false,"_monsterinsights_sitenote_note":"","_monsterinsights_sitenote_category":0,"footnotes":""},"categories":[1],"tags":[],"_links":{"self":[{"href":"https:\/\/zonalimitrofe-cbnr.com\/index.php\/wp-json\/wp\/v2\/posts\/22566"}],"collection":[{"href":"https:\/\/zonalimitrofe-cbnr.com\/index.php\/wp-json\/wp\/v2\/posts"}],"about":[{"href":"https:\/\/zonalimitrofe-cbnr.com\/index.php\/wp-json\/wp\/v2\/types\/post"}],"author":[{"embeddable":true,"href":"https:\/\/zonalimitrofe-cbnr.com\/index.php\/wp-json\/wp\/v2\/users\/1"}],"replies":[{"embeddable":true,"href":"https:\/\/zonalimitrofe-cbnr.com\/index.php\/wp-json\/wp\/v2\/comments?post=22566"}],"version-history":[{"count":1,"href":"https:\/\/zonalimitrofe-cbnr.com\/index.php\/wp-json\/wp\/v2\/posts\/22566\/revisions"}],"predecessor-version":[{"id":22568,"href":"https:\/\/zonalimitrofe-cbnr.com\/index.php\/wp-json\/wp\/v2\/posts\/22566\/revisions\/22568"}],"wp:featuredmedia":[{"embeddable":true,"href":"https:\/\/zonalimitrofe-cbnr.com\/index.php\/wp-json\/wp\/v2\/media\/22567"}],"wp:attachment":[{"href":"https:\/\/zonalimitrofe-cbnr.com\/index.php\/wp-json\/wp\/v2\/media?parent=22566"}],"wp:term":[{"taxonomy":"category","embeddable":true,"href":"https:\/\/zonalimitrofe-cbnr.com\/index.php\/wp-json\/wp\/v2\/categories?post=22566"},{"taxonomy":"post_tag","embeddable":true,"href":"https:\/\/zonalimitrofe-cbnr.com\/index.php\/wp-json\/wp\/v2\/tags?post=22566"}],"curies":[{"name":"wp","href":"https:\/\/api.w.org\/{rel}","templated":true}]}}