{"id":22563,"date":"2025-07-11T15:20:13","date_gmt":"2025-07-11T21:20:13","guid":{"rendered":"https:\/\/zonalimitrofe-cbnr.com\/?p=22563"},"modified":"2025-07-11T15:20:13","modified_gmt":"2025-07-11T21:20:13","slug":"lerdo-mantiene-acercamiento-instituto-del-adulto-mayor-en-lerdo-con-dif-estatal","status":"publish","type":"post","link":"https:\/\/zonalimitrofe-cbnr.com\/index.php\/2025\/07\/11\/lerdo-mantiene-acercamiento-instituto-del-adulto-mayor-en-lerdo-con-dif-estatal\/","title":{"rendered":"#Lerdo. MANTIENE ACERCAMIENTO INSTITUTO DEL ADULTO MAYOR EN LERDO CON DIF ESTATAL*"},"content":{"rendered":"\n<p>Lerdo, 11 de julio 2025.- La titular del Instituto para las Personas Adultas Mayores del Municipio de Lerdo, Aaida Berumen Flores, dialog\u00f3 con Gloria Cristina Calder\u00f3n Guti\u00e9rrez, encargada de Enlace de la Coordinaci\u00f3n de Trabajo Social del DIF Regi\u00f3n Laguna, para conocer las normas de operatividad de los programas estatales, para otorgar placas dentales y lentes gratuitos a las personas de la tercera edad.<\/p>\n\n\n\n<p>Comparti\u00f3 que con estos programas no solo se beneficia a las personas que reciben la pr\u00f3tesis dental o los anteojos, sino toda una familia, pues este tipo de acciones dignifican la calidad de vida de las personas, e invit\u00f3 a los interesados para acercarse al instituto, ubicado al interior de la Unidad Administrativa de San Isidro (en calle Ram\u00f3n Leyva, esquina con L\u00f3pez Ray\u00f3n, colonia San Isidro), a un lado del Skate Park.<\/p>\n\n\n\n<p>Aaida Berumen reconoci\u00f3 el trabajo coordinado entre el Presidente Municipal Homero Mart\u00ednez Cabrera y el Gobernador del Estado Esteban Villegas para atender las necesidades de las personas m\u00e1s vulnerables. Asimismo, aplaudi\u00f3 las acciones de la presidenta de DIF Estatal, Marisol Rosso Rivera, quien ha exhortado a los adultos de la tercera edad para ser acreedores a estos programas que el DIF Estatal pone a disposici\u00f3n.<\/p>\n\n\n\n<p>Finalmente record\u00f3 que, el horario de atenci\u00f3n en el Instituto Municipal es de 8:00 de la ma\u00f1ana a 4:00 de la tarde, de lunes a viernes, y el tel\u00e9fono de atenci\u00f3n a Adultos Mayores de Lerdo es el 87 11 59 27 12.<\/p>\n","protected":false},"excerpt":{"rendered":"<p>Lerdo, 11 de julio 2025.- La titular del Instituto para las Personas Adultas Mayores del Municipio de Lerdo, Aaida Berumen Flores, dialog\u00f3 con Gloria Cristina Calder\u00f3n Guti\u00e9rrez, encargada de Enlace de la Coordinaci\u00f3n de Trabajo Social del DIF Regi\u00f3n Laguna, para conocer las normas de operatividad de los programas estatales, para otorgar placas dentales y [&hellip;]<\/p>\n","protected":false},"author":1,"featured_media":22564,"comment_status":"open","ping_status":"open","sticky":false,"template":"","format":"standard","meta":{"_monsterinsights_skip_tracking":false,"_monsterinsights_sitenote_active":false,"_monsterinsights_sitenote_note":"","_monsterinsights_sitenote_category":0,"footnotes":""},"categories":[1],"tags":[],"_links":{"self":[{"href":"https:\/\/zonalimitrofe-cbnr.com\/index.php\/wp-json\/wp\/v2\/posts\/22563"}],"collection":[{"href":"https:\/\/zonalimitrofe-cbnr.com\/index.php\/wp-json\/wp\/v2\/posts"}],"about":[{"href":"https:\/\/zonalimitrofe-cbnr.com\/index.php\/wp-json\/wp\/v2\/types\/post"}],"author":[{"embeddable":true,"href":"https:\/\/zonalimitrofe-cbnr.com\/index.php\/wp-json\/wp\/v2\/users\/1"}],"replies":[{"embeddable":true,"href":"https:\/\/zonalimitrofe-cbnr.com\/index.php\/wp-json\/wp\/v2\/comments?post=22563"}],"version-history":[{"count":1,"href":"https:\/\/zonalimitrofe-cbnr.com\/index.php\/wp-json\/wp\/v2\/posts\/22563\/revisions"}],"predecessor-version":[{"id":22565,"href":"https:\/\/zonalimitrofe-cbnr.com\/index.php\/wp-json\/wp\/v2\/posts\/22563\/revisions\/22565"}],"wp:featuredmedia":[{"embeddable":true,"href":"https:\/\/zonalimitrofe-cbnr.com\/index.php\/wp-json\/wp\/v2\/media\/22564"}],"wp:attachment":[{"href":"https:\/\/zonalimitrofe-cbnr.com\/index.php\/wp-json\/wp\/v2\/media?parent=22563"}],"wp:term":[{"taxonomy":"category","embeddable":true,"href":"https:\/\/zonalimitrofe-cbnr.com\/index.php\/wp-json\/wp\/v2\/categories?post=22563"},{"taxonomy":"post_tag","embeddable":true,"href":"https:\/\/zonalimitrofe-cbnr.com\/index.php\/wp-json\/wp\/v2\/tags?post=22563"}],"curies":[{"name":"wp","href":"https:\/\/api.w.org\/{rel}","templated":true}]}}