{"id":22556,"date":"2025-07-10T17:30:44","date_gmt":"2025-07-10T23:30:44","guid":{"rendered":"https:\/\/zonalimitrofe-cbnr.com\/?p=22556"},"modified":"2025-07-10T17:30:45","modified_gmt":"2025-07-10T23:30:45","slug":"torreon-presentan-avances-clave-en-planeacion-urbana-durante-la-sexta-y-septima-sesion-del-consejo-directivo-del-implan","status":"publish","type":"post","link":"https:\/\/zonalimitrofe-cbnr.com\/index.php\/2025\/07\/10\/torreon-presentan-avances-clave-en-planeacion-urbana-durante-la-sexta-y-septima-sesion-del-consejo-directivo-del-implan\/","title":{"rendered":"#Torre\u00f3n. Presentan avances clave en planeaci\u00f3n urbana durante la sexta y s\u00e9ptima sesi\u00f3n del Consejo Directivo del IMPLAN"},"content":{"rendered":"\n<p>Torre\u00f3n, Coahuila. A 10 de julio de 2025<\/p>\n\n\n\n<p>El Instituto Municipal de Planeaci\u00f3n y Competitividad de Torre\u00f3n (IMPLAN), llev\u00f3 a cabo la sexta y s\u00e9ptima sesi\u00f3n del Consejo Directivo, donde se presentaron avances de las comisiones, en materia de planeaci\u00f3n urbana.<\/p>\n\n\n\n<p>Jes\u00fas H\u00e9ctor De La Garza Acosta, director general del IMPLAN Torre\u00f3n, celebr\u00f3 que se siga avanzando en los proyectos programados, y reconoci\u00f3 y agradeci\u00f3 por el apoyo y seguimiento del alcalde Rom\u00e1n Alberto Cepeda Gonz\u00e1lez, as\u00ed como a las consejeras y consejeros que con su colaboraci\u00f3n abonan al \u00e9xito de los planes y programas proyectados desde el Instituto.<\/p>\n\n\n\n<p>En ese sentido, la comisi\u00f3n de Planeaci\u00f3n Urbana, coordinada por la Direcci\u00f3n de Planeaci\u00f3n Urbana Sustentable del Instituto, dio a conocer los siguientes avances:<\/p>\n\n\n\n<p>El desarrollo del Sistema Digital para la Gesti\u00f3n y Administraci\u00f3n de Emergencias &#8211; Protecci\u00f3n Civil, herramienta que fortalecer\u00e1 la capacidad de respuesta ante riesgos y emergencias en el municipio; el proceso de aprobaci\u00f3n del Programa Parcial de Desarrollo Urbano del Centro Hist\u00f3rico de Torre\u00f3n, como parte de las estrategias para la revitalizaci\u00f3n de esta zona emblem\u00e1tica de la ciudad.<\/p>\n\n\n\n<p>Adem\u00e1s, el inicio de la consulta p\u00fablica de los Programas Parciales de Desarrollo Urbano \u201cMieleras\u201d y \u201cNueva Laguna Norte\u201d, que se desarrollar\u00e1 del 1 de julio al 2 de septiembre de 2025, permitiendo la participaci\u00f3n de la ciudadan\u00eda en la planeaci\u00f3n del futuro urbano de estas \u00e1reas estrat\u00e9gicas.<\/p>\n\n\n\n<p>Asimismo, se hizo la presentaci\u00f3n oficial del Banco Municipal de Proyectos de Inversi\u00f3n de Torre\u00f3n, una plataforma digital que concentra 202 proyectos y mil 257 acciones alineadas a los instrumentos de planeaci\u00f3n vigentes. Esta herramienta facilitar\u00e1 la identificaci\u00f3n, priorizaci\u00f3n y continuidad de proyectos estrat\u00e9gicos, conforme a los ejes tem\u00e1ticos: entorno urbano, medio ambiente, movilidad, desarrollo econ\u00f3mico, desarrollo social y gobernanza.<\/p>\n\n\n\n<p>\u201cDe acuerdo con la Ley que Crea el IMPLAN, esta cartera forma parte de las atribuciones del Instituto, permitiendo dar seguimiento t\u00e9cnico a los proyectos y garantizar su permanencia m\u00e1s all\u00e1 de los cambios de administraci\u00f3n\u201d, se\u00f1al\u00f3 el director.<\/p>\n\n\n\n<p>Respecto a la plataforma del Banco de Proyectos, De La Garza Acosta solicit\u00f3 a las consejeras y consejeros visitar la p\u00e1gina y compartirla para que m\u00e1s personas la conozcan, as\u00ed como las dem\u00e1s herramientas que ofrece el IMPLAN.<\/p>\n\n\n\n<p>Asimismo, se presentaron dos exposiciones complementarias:<\/p>\n\n\n\n<p>\u201cSeguridad Vial\u201d, a cargo de Luis Morales Cort\u00e9s, director general de Vialidad y Movilidad Urbana; y \u201cGrandes Obras 2025\u201d, a cargo de Juan Adolfo Von Bertrab Saracho, director general de Obras P\u00fablicas.<\/p>\n\n\n\n<p>La Administraci\u00f3n Municipal reafirma su compromiso con la planeaci\u00f3n participativa, t\u00e9cnica y sustentable de Torre\u00f3n, impulsando herramientas y acciones concretas que contribuyen a una ciudad m\u00e1s ordenada, segura y competitiva.<\/p>\n","protected":false},"excerpt":{"rendered":"<p>Torre\u00f3n, Coahuila. A 10 de julio de 2025 El Instituto Municipal de Planeaci\u00f3n y Competitividad de Torre\u00f3n (IMPLAN), llev\u00f3 a cabo la sexta y s\u00e9ptima sesi\u00f3n del Consejo Directivo, donde se presentaron avances de las comisiones, en materia de planeaci\u00f3n urbana. Jes\u00fas H\u00e9ctor De La Garza Acosta, director general del IMPLAN Torre\u00f3n, celebr\u00f3 que se [&hellip;]<\/p>\n","protected":false},"author":1,"featured_media":22557,"comment_status":"open","ping_status":"open","sticky":false,"template":"","format":"standard","meta":{"_monsterinsights_skip_tracking":false,"_monsterinsights_sitenote_active":false,"_monsterinsights_sitenote_note":"","_monsterinsights_sitenote_category":0,"footnotes":""},"categories":[1],"tags":[],"_links":{"self":[{"href":"https:\/\/zonalimitrofe-cbnr.com\/index.php\/wp-json\/wp\/v2\/posts\/22556"}],"collection":[{"href":"https:\/\/zonalimitrofe-cbnr.com\/index.php\/wp-json\/wp\/v2\/posts"}],"about":[{"href":"https:\/\/zonalimitrofe-cbnr.com\/index.php\/wp-json\/wp\/v2\/types\/post"}],"author":[{"embeddable":true,"href":"https:\/\/zonalimitrofe-cbnr.com\/index.php\/wp-json\/wp\/v2\/users\/1"}],"replies":[{"embeddable":true,"href":"https:\/\/zonalimitrofe-cbnr.com\/index.php\/wp-json\/wp\/v2\/comments?post=22556"}],"version-history":[{"count":1,"href":"https:\/\/zonalimitrofe-cbnr.com\/index.php\/wp-json\/wp\/v2\/posts\/22556\/revisions"}],"predecessor-version":[{"id":22558,"href":"https:\/\/zonalimitrofe-cbnr.com\/index.php\/wp-json\/wp\/v2\/posts\/22556\/revisions\/22558"}],"wp:featuredmedia":[{"embeddable":true,"href":"https:\/\/zonalimitrofe-cbnr.com\/index.php\/wp-json\/wp\/v2\/media\/22557"}],"wp:attachment":[{"href":"https:\/\/zonalimitrofe-cbnr.com\/index.php\/wp-json\/wp\/v2\/media?parent=22556"}],"wp:term":[{"taxonomy":"category","embeddable":true,"href":"https:\/\/zonalimitrofe-cbnr.com\/index.php\/wp-json\/wp\/v2\/categories?post=22556"},{"taxonomy":"post_tag","embeddable":true,"href":"https:\/\/zonalimitrofe-cbnr.com\/index.php\/wp-json\/wp\/v2\/tags?post=22556"}],"curies":[{"name":"wp","href":"https:\/\/api.w.org\/{rel}","templated":true}]}}