{"id":22553,"date":"2025-07-10T17:28:37","date_gmt":"2025-07-10T23:28:37","guid":{"rendered":"https:\/\/zonalimitrofe-cbnr.com\/?p=22553"},"modified":"2025-07-10T17:28:38","modified_gmt":"2025-07-10T23:28:38","slug":"durango-gobierno-de-esteban-impulsa-el-talento-joven-inicia-capacitacion-gratuita-en-java-fullstack-para-jovenes-de-durango","status":"publish","type":"post","link":"https:\/\/zonalimitrofe-cbnr.com\/index.php\/2025\/07\/10\/durango-gobierno-de-esteban-impulsa-el-talento-joven-inicia-capacitacion-gratuita-en-java-fullstack-para-jovenes-de-durango\/","title":{"rendered":"#Durango. Gobierno de Esteban impulsa el talento joven, inicia capacitaci\u00f3n gratuita en Java Fullstack para j\u00f3venes de Durango"},"content":{"rendered":"\n<p>Comarca Lagunera.- Apostar por el talento y el futuro de la juventud duranguense, es una de las prioridades del gobierno de Esteban Villegas Villarreal y es a trav\u00e9s de la Secretar\u00eda de Desarrollo Econ\u00f3mico (SEDECO), que encabeza Fernando Rosas Palafox, que se lanza el programa gratuito de capacitaci\u00f3n intensiva en Java Fullstack, dirigido a j\u00f3venes de entre 18 y 29 a\u00f1os que ya no se encuentren estudiando.<\/p>\n\n\n\n<p>Gracias al respaldo del gobernador del Estado, Esteban Villegas Villarreal, esta iniciativa forma parte de las acciones estrat\u00e9gicas para integrar a m\u00e1s j\u00f3venes al sector tecnol\u00f3gico y fortalecer su inserci\u00f3n laboral.<\/p>\n\n\n\n<p>&#8220;Este programa representa una gran oportunidad para quienes buscan integrarse a la econom\u00eda digital, adquirir habilidades altamente demandadas y mejorar su empleabilidad de manera gratuita&#8221;, indic\u00f3 Rosas Palafox.<\/p>\n\n\n\n<p>Cabe mencionar que la capacitaci\u00f3n ser\u00e1 en l\u00ednea y tendr\u00e1 una duraci\u00f3n de 13 semanas en un horario de 9:30 a.m. a 5:30 p.m. y tendr\u00e1 certificaci\u00f3n con valor curricular.<\/p>\n\n\n\n<p>El registro y proceso de selecci\u00f3n ser\u00e1 hasta el 16 de julio y se puede hacer a trav\u00e9s de este enlace:<\/p>\n\n\n\n<figure class=\"wp-block-embed\"><div class=\"wp-block-embed__wrapper\">\nhttps:\/\/learnerportal.generation.org\/welcome?country=31&#038;fbclid=IwY2xjawLXlL5leHRuA2FlbQIxMQABHv0K0ovTrYwKDbKu4KlNbGGZn_lqjYtp8TohKCOyjSg5cLwVJKBA9SSGiQ_N_aem_CIEFtRvvJUa9WExYtP63rA\n<\/div><\/figure>\n\n\n\n<p>Cabe se\u00f1alar que, Java Fullstack se refiere al conjunto de habilidades necesarias para desarrollar aplicaciones completas, tanto del lado del usuario (lo que ves en pantalla) como del lado del servidor (lo que procesa la informaci\u00f3n).<\/p>\n\n\n\n<p>El titular de SEDECO precis\u00f3 que, un desarrollador Fullstack domina herramientas para crear p\u00e1ginas web, aplicaciones m\u00f3viles o sistemas digitales que usan Java, uno de los lenguajes de programaci\u00f3n m\u00e1s usados en el mundo.<\/p>\n\n\n\n<p>Adem\u00e1s de crear sitios web interactivos, dise\u00f1ar aplicaciones m\u00f3viles y de escritorio, trabajar en empresas de tecnolog\u00eda, software, bancos, instituciones o como freelance y tener mayores oportunidades de empleo con buen ingreso.<\/p>\n","protected":false},"excerpt":{"rendered":"<p>Comarca Lagunera.- Apostar por el talento y el futuro de la juventud duranguense, es una de las prioridades del gobierno de Esteban Villegas Villarreal y es a trav\u00e9s de la Secretar\u00eda de Desarrollo Econ\u00f3mico (SEDECO), que encabeza Fernando Rosas Palafox, que se lanza el programa gratuito de capacitaci\u00f3n intensiva en Java Fullstack, dirigido a j\u00f3venes [&hellip;]<\/p>\n","protected":false},"author":1,"featured_media":22554,"comment_status":"open","ping_status":"open","sticky":false,"template":"","format":"standard","meta":{"_monsterinsights_skip_tracking":false,"_monsterinsights_sitenote_active":false,"_monsterinsights_sitenote_note":"","_monsterinsights_sitenote_category":0,"footnotes":""},"categories":[1],"tags":[],"_links":{"self":[{"href":"https:\/\/zonalimitrofe-cbnr.com\/index.php\/wp-json\/wp\/v2\/posts\/22553"}],"collection":[{"href":"https:\/\/zonalimitrofe-cbnr.com\/index.php\/wp-json\/wp\/v2\/posts"}],"about":[{"href":"https:\/\/zonalimitrofe-cbnr.com\/index.php\/wp-json\/wp\/v2\/types\/post"}],"author":[{"embeddable":true,"href":"https:\/\/zonalimitrofe-cbnr.com\/index.php\/wp-json\/wp\/v2\/users\/1"}],"replies":[{"embeddable":true,"href":"https:\/\/zonalimitrofe-cbnr.com\/index.php\/wp-json\/wp\/v2\/comments?post=22553"}],"version-history":[{"count":1,"href":"https:\/\/zonalimitrofe-cbnr.com\/index.php\/wp-json\/wp\/v2\/posts\/22553\/revisions"}],"predecessor-version":[{"id":22555,"href":"https:\/\/zonalimitrofe-cbnr.com\/index.php\/wp-json\/wp\/v2\/posts\/22553\/revisions\/22555"}],"wp:featuredmedia":[{"embeddable":true,"href":"https:\/\/zonalimitrofe-cbnr.com\/index.php\/wp-json\/wp\/v2\/media\/22554"}],"wp:attachment":[{"href":"https:\/\/zonalimitrofe-cbnr.com\/index.php\/wp-json\/wp\/v2\/media?parent=22553"}],"wp:term":[{"taxonomy":"category","embeddable":true,"href":"https:\/\/zonalimitrofe-cbnr.com\/index.php\/wp-json\/wp\/v2\/categories?post=22553"},{"taxonomy":"post_tag","embeddable":true,"href":"https:\/\/zonalimitrofe-cbnr.com\/index.php\/wp-json\/wp\/v2\/tags?post=22553"}],"curies":[{"name":"wp","href":"https:\/\/api.w.org\/{rel}","templated":true}]}}