{"id":22550,"date":"2025-07-10T17:26:34","date_gmt":"2025-07-10T23:26:34","guid":{"rendered":"https:\/\/zonalimitrofe-cbnr.com\/?p=22550"},"modified":"2025-07-10T17:26:34","modified_gmt":"2025-07-10T23:26:34","slug":"torreon-invitan-a-la-charla-el-diabetico-y-el-impacto-social-en-salud-municipal","status":"publish","type":"post","link":"https:\/\/zonalimitrofe-cbnr.com\/index.php\/2025\/07\/10\/torreon-invitan-a-la-charla-el-diabetico-y-el-impacto-social-en-salud-municipal\/","title":{"rendered":"#Torre\u00f3n. Invitan a la charla \u201cEl diab\u00e9tico y el impacto social\u201d en Salud Municipal"},"content":{"rendered":"\n<p><strong>Torre\u00f3n, Coahuila a 10 de julio del 2025.- <\/strong>La Direcci\u00f3n de Salud P\u00fablica Municipal invita a la ciudadan\u00eda a participar en la pr\u00f3xima sesi\u00f3n del Club Diab\u00e9tico que se llevar\u00e1 a cabo ma\u00f1ana viernes 11 de julio en las instalaciones de la dependencia. La tem\u00e1tica de esta semana ser\u00e1 sobre el impacto social para quienes padecen esta enfermedad. La sesi\u00f3n se desarrollar\u00e1 en las instalaciones de la dependencia ubicada en avenida Ocampo 1167, colonia Segundo de Cobi\u00e1n, de 09:00 a 11:00 horas. El director de Salud P\u00fablica Municipal, Jos\u00e9 Manuel Riveroll Duarte, mencion\u00f3 que en esta ocasi\u00f3n el tema central ser\u00e1 \u201cEl diab\u00e9tico y el impacto social\u201d, una charla que tiene como objetivo principal reflexionar sobre los desaf\u00edos en su entorno que enfrentan las personas que viven con este padecimiento, as\u00ed como promover una mayor comprensi\u00f3n y empat\u00eda en su ambiente familiar, laboral y comunitario. \u201cEste enfoque busca no solo informar sobre los aspectos cl\u00ednicos de la enfermedad, sino tambi\u00e9n abrir un espacio de di\u00e1logo sobre c\u00f3mo la diabetes puede afectar las din\u00e1micas sociales, la autoestima y la calidad de vida de quienes la padecen\u201d, mencion\u00f3. Como parte de esta jornada integral de salud, se ofrecer\u00e1n de manera gratuita servicios b\u00e1sicos de evaluaci\u00f3n m\u00e9dica que incluyen toma de glucosa capilar, peso, talla y medici\u00f3n de presi\u00f3n arterial. Estas acciones forman parte del compromiso permanente de la Administraci\u00f3n Municipal del alcalde Rom\u00e1n Alberto Cepeda Gonz\u00e1lez, por fomentar el autocuidado, la detecci\u00f3n oportuna de enfermedades cr\u00f3nicas no transmisibles y la educaci\u00f3n en temas de salud entre la poblaci\u00f3n. En ese sentido, Riveroll Duarte destac\u00f3 la importancia de este tipo de actividades en la promoci\u00f3n de una cultura de prevenci\u00f3n. El evento est\u00e1 dirigido a personas con diagn\u00f3stico de diabetes, familiares, cuidadores, y a toda persona interesada en aprender sobre el manejo, la prevenci\u00f3n y las implicaciones sociales de esta enfermedad. La entrada es libre y se recomienda llegar con anticipaci\u00f3n.<\/p>\n","protected":false},"excerpt":{"rendered":"<p>Torre\u00f3n, Coahuila a 10 de julio del 2025.- La Direcci\u00f3n de Salud P\u00fablica Municipal invita a la ciudadan\u00eda a participar en la pr\u00f3xima sesi\u00f3n del Club Diab\u00e9tico que se llevar\u00e1 a cabo ma\u00f1ana viernes 11 de julio en las instalaciones de la dependencia. La tem\u00e1tica de esta semana ser\u00e1 sobre el impacto social para quienes [&hellip;]<\/p>\n","protected":false},"author":1,"featured_media":22551,"comment_status":"open","ping_status":"open","sticky":false,"template":"","format":"standard","meta":{"_monsterinsights_skip_tracking":false,"_monsterinsights_sitenote_active":false,"_monsterinsights_sitenote_note":"","_monsterinsights_sitenote_category":0,"footnotes":""},"categories":[1],"tags":[],"_links":{"self":[{"href":"https:\/\/zonalimitrofe-cbnr.com\/index.php\/wp-json\/wp\/v2\/posts\/22550"}],"collection":[{"href":"https:\/\/zonalimitrofe-cbnr.com\/index.php\/wp-json\/wp\/v2\/posts"}],"about":[{"href":"https:\/\/zonalimitrofe-cbnr.com\/index.php\/wp-json\/wp\/v2\/types\/post"}],"author":[{"embeddable":true,"href":"https:\/\/zonalimitrofe-cbnr.com\/index.php\/wp-json\/wp\/v2\/users\/1"}],"replies":[{"embeddable":true,"href":"https:\/\/zonalimitrofe-cbnr.com\/index.php\/wp-json\/wp\/v2\/comments?post=22550"}],"version-history":[{"count":1,"href":"https:\/\/zonalimitrofe-cbnr.com\/index.php\/wp-json\/wp\/v2\/posts\/22550\/revisions"}],"predecessor-version":[{"id":22552,"href":"https:\/\/zonalimitrofe-cbnr.com\/index.php\/wp-json\/wp\/v2\/posts\/22550\/revisions\/22552"}],"wp:featuredmedia":[{"embeddable":true,"href":"https:\/\/zonalimitrofe-cbnr.com\/index.php\/wp-json\/wp\/v2\/media\/22551"}],"wp:attachment":[{"href":"https:\/\/zonalimitrofe-cbnr.com\/index.php\/wp-json\/wp\/v2\/media?parent=22550"}],"wp:term":[{"taxonomy":"category","embeddable":true,"href":"https:\/\/zonalimitrofe-cbnr.com\/index.php\/wp-json\/wp\/v2\/categories?post=22550"},{"taxonomy":"post_tag","embeddable":true,"href":"https:\/\/zonalimitrofe-cbnr.com\/index.php\/wp-json\/wp\/v2\/tags?post=22550"}],"curies":[{"name":"wp","href":"https:\/\/api.w.org\/{rel}","templated":true}]}}