{"id":22532,"date":"2025-07-10T17:09:27","date_gmt":"2025-07-10T23:09:27","guid":{"rendered":"https:\/\/zonalimitrofe-cbnr.com\/?p=22532"},"modified":"2025-07-10T17:09:27","modified_gmt":"2025-07-10T23:09:27","slug":"lerdo-proteccion-civil-lerdo-llama-a-prevenir-accidentes-en-casa-durante-periodo-vacacional","status":"publish","type":"post","link":"https:\/\/zonalimitrofe-cbnr.com\/index.php\/2025\/07\/10\/lerdo-proteccion-civil-lerdo-llama-a-prevenir-accidentes-en-casa-durante-periodo-vacacional\/","title":{"rendered":"#Lerdo. PROTECCI\u00d3N CIVIL LERDO LLAMA A PREVENIR ACCIDENTES EN CASA DURANTE PERIODO VACACIONAL*"},"content":{"rendered":"\n<p>Lerdo, 10 de julio de 2025.- Por indicaciones del Presidente Municipal, Homero Mart\u00ednez Cabrera, la Coordinaci\u00f3n de Protecci\u00f3n Civil y Bomberos en Lerdo hizo un llamado a la ciudadan\u00eda para prevenir accidentes en el hogar durante el periodo vacacional de verano, debido a la permanencia de ni\u00f1as y ni\u00f1os en casa.<\/p>\n\n\n\n<p>Isabel Mac\u00edas Sifuentes, titular de la dependencia, explic\u00f3 que en esta temporada es importante extremar precauciones, ya que los incidentes pueden ser circunstanciales, pero tambi\u00e9n prevenibles si se toman las medidas adecuadas.<\/p>\n\n\n\n<p>Recomend\u00f3 fomentar actividades al aire libre para que los menores no permanezcan largos periodos frente a pantallas de televisi\u00f3n o celulares, o en espacios con riesgos dentro del hogar. De igual manera, exhort\u00f3 a los padres de familia a revisar las instalaciones el\u00e9ctricas, de gas y agua potable, as\u00ed como a concientizar a sus hijos sobre medidas b\u00e1sicas de seguridad.<\/p>\n\n\n\n<p>Finalmente, invit\u00f3 a la poblaci\u00f3n a aprovechar el tiempo libre para conocer mejor las necesidades de sus hijos, inscribirlos en cursos, talleres, actividades deportivas o de recreaci\u00f3n, y fortalecer la convivencia familiar durante este receso escolar.<\/p>\n","protected":false},"excerpt":{"rendered":"<p>Lerdo, 10 de julio de 2025.- Por indicaciones del Presidente Municipal, Homero Mart\u00ednez Cabrera, la Coordinaci\u00f3n de Protecci\u00f3n Civil y Bomberos en Lerdo hizo un llamado a la ciudadan\u00eda para prevenir accidentes en el hogar durante el periodo vacacional de verano, debido a la permanencia de ni\u00f1as y ni\u00f1os en casa. Isabel Mac\u00edas Sifuentes, titular [&hellip;]<\/p>\n","protected":false},"author":1,"featured_media":22533,"comment_status":"open","ping_status":"open","sticky":false,"template":"","format":"standard","meta":{"_monsterinsights_skip_tracking":false,"_monsterinsights_sitenote_active":false,"_monsterinsights_sitenote_note":"","_monsterinsights_sitenote_category":0,"footnotes":""},"categories":[1],"tags":[],"_links":{"self":[{"href":"https:\/\/zonalimitrofe-cbnr.com\/index.php\/wp-json\/wp\/v2\/posts\/22532"}],"collection":[{"href":"https:\/\/zonalimitrofe-cbnr.com\/index.php\/wp-json\/wp\/v2\/posts"}],"about":[{"href":"https:\/\/zonalimitrofe-cbnr.com\/index.php\/wp-json\/wp\/v2\/types\/post"}],"author":[{"embeddable":true,"href":"https:\/\/zonalimitrofe-cbnr.com\/index.php\/wp-json\/wp\/v2\/users\/1"}],"replies":[{"embeddable":true,"href":"https:\/\/zonalimitrofe-cbnr.com\/index.php\/wp-json\/wp\/v2\/comments?post=22532"}],"version-history":[{"count":1,"href":"https:\/\/zonalimitrofe-cbnr.com\/index.php\/wp-json\/wp\/v2\/posts\/22532\/revisions"}],"predecessor-version":[{"id":22534,"href":"https:\/\/zonalimitrofe-cbnr.com\/index.php\/wp-json\/wp\/v2\/posts\/22532\/revisions\/22534"}],"wp:featuredmedia":[{"embeddable":true,"href":"https:\/\/zonalimitrofe-cbnr.com\/index.php\/wp-json\/wp\/v2\/media\/22533"}],"wp:attachment":[{"href":"https:\/\/zonalimitrofe-cbnr.com\/index.php\/wp-json\/wp\/v2\/media?parent=22532"}],"wp:term":[{"taxonomy":"category","embeddable":true,"href":"https:\/\/zonalimitrofe-cbnr.com\/index.php\/wp-json\/wp\/v2\/categories?post=22532"},{"taxonomy":"post_tag","embeddable":true,"href":"https:\/\/zonalimitrofe-cbnr.com\/index.php\/wp-json\/wp\/v2\/tags?post=22532"}],"curies":[{"name":"wp","href":"https:\/\/api.w.org\/{rel}","templated":true}]}}