{"id":22520,"date":"2025-07-10T16:56:30","date_gmt":"2025-07-10T22:56:30","guid":{"rendered":"https:\/\/zonalimitrofe-cbnr.com\/?p=22520"},"modified":"2025-07-10T16:56:30","modified_gmt":"2025-07-10T22:56:30","slug":"durango-inicia-esteban-villegas-construccion-de-cancha-profesional-en-la-prepa-diurna-espacio-digno-y-con-estandares-fifa-para-deportistas","status":"publish","type":"post","link":"https:\/\/zonalimitrofe-cbnr.com\/index.php\/2025\/07\/10\/durango-inicia-esteban-villegas-construccion-de-cancha-profesional-en-la-prepa-diurna-espacio-digno-y-con-estandares-fifa-para-deportistas\/","title":{"rendered":"#Durango. Inicia Esteban Villegas construcci\u00f3n de cancha profesional en la Prepa Diurna: espacio digno y con est\u00e1ndares FIFA para deportistas*"},"content":{"rendered":"\n<ul>\n<li><em>Con inversi\u00f3n de 13.5 mdp, incluye ba\u00f1os rehabilitados, vestidores y grader\u00edo mejorado para comodidad de familias y equipos.<\/em><\/li>\n\n\n\n<li><em>El nuevo campo permitir\u00e1 que las ligas universitarias y locales compitan en condiciones profesionales.<\/em><\/li>\n<\/ul>\n\n\n\n<p>\u201cVamos a hacer historia aqu\u00ed. Se acab\u00f3 el polvo y el terreno duro. Viene una cancha de primer nivel, con medidas FIFA y todo lo necesario para que el talento de nuestros j\u00f3venes brille como se merece\u201d, anunci\u00f3 el gobernador Esteban Villegas durante el arranque de obra de la nueva cancha de f\u00fatbol 11 en la Preparatoria Diurna de la Universidad Ju\u00e1rez del Estado de Durango.<\/p>\n\n\n\n<p>Con una inversi\u00f3n de 13.5 millones de pesos, el nuevo campo contar\u00e1 con pasto sint\u00e9tico certificado por la FIFA, porter\u00edas reglamentarias, sistema de alumbrado para juegos nocturnos, rehabilitaci\u00f3n de gradas, ba\u00f1os dignos y \u00e1reas funcionales para jugadores y espectadores.<\/p>\n\n\n\n<p>La obra se construye en una de las zonas deportivas m\u00e1s utilizadas de la ciudad y responde a una demanda hist\u00f3rica de estudiantes, docentes y ligas universitarias.<\/p>\n\n\n\n<p>\u201cAqu\u00ed cuando uno se barre, se queda media pierna. Eso se acab\u00f3. Queremos que esta zona tenga el nivel que merece, y esta es apenas la primera etapa. El a\u00f1o que entra vamos por la segunda cancha\u201d, agreg\u00f3 Esteban, acompa\u00f1ado del rector de la UJED, Ram\u00f3n Garc\u00eda Rivera, y Javier Rodr\u00edguez Ju\u00e1rez, director de la Preparatoria Diurna.<\/p>\n\n\n\n<p>Por su parte, el Rector agradeci\u00f3 el respaldo del Gobierno del Estado y subray\u00f3 la importancia de complementar el proyecto con sombra en las gradas, vestidores adecuados y sanitarios dignos para los cientos de j\u00f3venes y familias que dan vida a esta emblem\u00e1tica instituci\u00f3n.<\/p>\n\n\n\n<p>La cancha tendr\u00e1 dimensiones de 100 por 64 metros, ser\u00e1 completamente empastada, contar\u00e1 con muro de contenci\u00f3n, pintura y se\u00f1alizaci\u00f3n reglamentaria, y rehabilitaci\u00f3n de servicios sanitarios y gradas, haciendo de este espacio un verdadero semillero deportivo.<\/p>\n\n\n\n<p>\u201cPura obra de buena calidad. Y claro que s\u00ed, desde aqu\u00ed pueden salir los pr\u00f3ximos grandes futbolistas no solo de M\u00e9xico, sino del mundo\u201d, concluy\u00f3 el Gobernador.<\/p>\n","protected":false},"excerpt":{"rendered":"<p>\u201cVamos a hacer historia aqu\u00ed. Se acab\u00f3 el polvo y el terreno duro. Viene una cancha de primer nivel, con medidas FIFA y todo lo necesario para que el talento de nuestros j\u00f3venes brille como se merece\u201d, anunci\u00f3 el gobernador Esteban Villegas durante el arranque de obra de la nueva cancha de f\u00fatbol 11 en [&hellip;]<\/p>\n","protected":false},"author":1,"featured_media":22521,"comment_status":"open","ping_status":"open","sticky":false,"template":"","format":"standard","meta":{"_monsterinsights_skip_tracking":false,"_monsterinsights_sitenote_active":false,"_monsterinsights_sitenote_note":"","_monsterinsights_sitenote_category":0,"footnotes":""},"categories":[1],"tags":[],"_links":{"self":[{"href":"https:\/\/zonalimitrofe-cbnr.com\/index.php\/wp-json\/wp\/v2\/posts\/22520"}],"collection":[{"href":"https:\/\/zonalimitrofe-cbnr.com\/index.php\/wp-json\/wp\/v2\/posts"}],"about":[{"href":"https:\/\/zonalimitrofe-cbnr.com\/index.php\/wp-json\/wp\/v2\/types\/post"}],"author":[{"embeddable":true,"href":"https:\/\/zonalimitrofe-cbnr.com\/index.php\/wp-json\/wp\/v2\/users\/1"}],"replies":[{"embeddable":true,"href":"https:\/\/zonalimitrofe-cbnr.com\/index.php\/wp-json\/wp\/v2\/comments?post=22520"}],"version-history":[{"count":1,"href":"https:\/\/zonalimitrofe-cbnr.com\/index.php\/wp-json\/wp\/v2\/posts\/22520\/revisions"}],"predecessor-version":[{"id":22522,"href":"https:\/\/zonalimitrofe-cbnr.com\/index.php\/wp-json\/wp\/v2\/posts\/22520\/revisions\/22522"}],"wp:featuredmedia":[{"embeddable":true,"href":"https:\/\/zonalimitrofe-cbnr.com\/index.php\/wp-json\/wp\/v2\/media\/22521"}],"wp:attachment":[{"href":"https:\/\/zonalimitrofe-cbnr.com\/index.php\/wp-json\/wp\/v2\/media?parent=22520"}],"wp:term":[{"taxonomy":"category","embeddable":true,"href":"https:\/\/zonalimitrofe-cbnr.com\/index.php\/wp-json\/wp\/v2\/categories?post=22520"},{"taxonomy":"post_tag","embeddable":true,"href":"https:\/\/zonalimitrofe-cbnr.com\/index.php\/wp-json\/wp\/v2\/tags?post=22520"}],"curies":[{"name":"wp","href":"https:\/\/api.w.org\/{rel}","templated":true}]}}