{"id":22477,"date":"2025-07-09T18:47:29","date_gmt":"2025-07-10T00:47:29","guid":{"rendered":"https:\/\/zonalimitrofe-cbnr.com\/?p=22477"},"modified":"2025-07-09T18:47:29","modified_gmt":"2025-07-10T00:47:29","slug":"congresocoahuila-emite-convocatoria-para-consulta-legislativa","status":"publish","type":"post","link":"https:\/\/zonalimitrofe-cbnr.com\/index.php\/2025\/07\/09\/congresocoahuila-emite-convocatoria-para-consulta-legislativa\/","title":{"rendered":"#CongresoCoahuila. Emite convocatoria para Consulta Legislativa"},"content":{"rendered":"\n<p><strong>Saltillo, Coahuila, 9 de julio de 2025.- <\/strong>El Congreso del Estado de Coahuila emiti\u00f3 una convocatoria para participar en la Consulta Legislativa en materia de inclusi\u00f3n y derechos humanos, en la cual se convoca a representantes de grupos en situaci\u00f3n de vulnerabilidad as\u00ed como a organizaciones, asociaciones, instituciones y ciudadan\u00eda en general que tengan inter\u00e9s en la agenda relacionada con estos temas. La invitaci\u00f3n est\u00e1 abierta a la primera etapa, denominada PRE CONSULTIVA del proceso de consulta con la finalidad de llegar a acuerdos a fin de integrarlos al trabajo legislativo del Congreso del Estado. Se convoca a las personas con discapacidad, personas adultas mayores, personas integrantes de pueblos y comunidades ind\u00edgenas y\/o afromexicanas, y personas de la comunidad LGBT+, as\u00ed como aquellas integrantes, organizaciones, asociaciones, instituciones, familiares y\/o parientes de todo el Estado de estos grupos y a la ciudadan\u00eda, organizaciones e instituciones en general del Estado que tengan inter\u00e9s en la agenda de inclusi\u00f3n y derechos humanos. Podr\u00e1n hacerlo en las modalidades, presencial el 15 de julio de 2025, a las 9:00 horas, en el Lobby del Palacio del Congreso del Estado o en la modalidad a distancia, de manera virtual. Para m\u00e1s informaci\u00f3n comunicarse a los tel\u00e9fonos: (844) 242 1130 y (844) 242 1131 De lunes a viernes en un horario de 9:00 a 15:00 horas, as\u00ed como en el siguiente enlace: https:\/\/congresocoahuila.wixsite.com\/consulta<\/p>\n\n\n\n<figure class=\"wp-block-image size-large\"><img loading=\"lazy\" decoding=\"async\" width=\"658\" height=\"1024\" src=\"https:\/\/zonalimitrofe-cbnr.com\/wp-content\/uploads\/2025\/07\/6-7-658x1024.jpeg\" alt=\"\" class=\"wp-image-22479\" srcset=\"https:\/\/zonalimitrofe-cbnr.com\/wp-content\/uploads\/2025\/07\/6-7-658x1024.jpeg 658w, https:\/\/zonalimitrofe-cbnr.com\/wp-content\/uploads\/2025\/07\/6-7-193x300.jpeg 193w, https:\/\/zonalimitrofe-cbnr.com\/wp-content\/uploads\/2025\/07\/6-7-768x1195.jpeg 768w, https:\/\/zonalimitrofe-cbnr.com\/wp-content\/uploads\/2025\/07\/6-7-987x1536.jpeg 987w, https:\/\/zonalimitrofe-cbnr.com\/wp-content\/uploads\/2025\/07\/6-7.jpeg 1028w\" sizes=\"(max-width: 658px) 100vw, 658px\" \/><\/figure>\n","protected":false},"excerpt":{"rendered":"<p>Saltillo, Coahuila, 9 de julio de 2025.- El Congreso del Estado de Coahuila emiti\u00f3 una convocatoria para participar en la Consulta Legislativa en materia de inclusi\u00f3n y derechos humanos, en la cual se convoca a representantes de grupos en situaci\u00f3n de vulnerabilidad as\u00ed como a organizaciones, asociaciones, instituciones y ciudadan\u00eda en general que tengan inter\u00e9s [&hellip;]<\/p>\n","protected":false},"author":1,"featured_media":22478,"comment_status":"open","ping_status":"open","sticky":false,"template":"","format":"standard","meta":{"_monsterinsights_skip_tracking":false,"_monsterinsights_sitenote_active":false,"_monsterinsights_sitenote_note":"","_monsterinsights_sitenote_category":0,"footnotes":""},"categories":[1],"tags":[],"_links":{"self":[{"href":"https:\/\/zonalimitrofe-cbnr.com\/index.php\/wp-json\/wp\/v2\/posts\/22477"}],"collection":[{"href":"https:\/\/zonalimitrofe-cbnr.com\/index.php\/wp-json\/wp\/v2\/posts"}],"about":[{"href":"https:\/\/zonalimitrofe-cbnr.com\/index.php\/wp-json\/wp\/v2\/types\/post"}],"author":[{"embeddable":true,"href":"https:\/\/zonalimitrofe-cbnr.com\/index.php\/wp-json\/wp\/v2\/users\/1"}],"replies":[{"embeddable":true,"href":"https:\/\/zonalimitrofe-cbnr.com\/index.php\/wp-json\/wp\/v2\/comments?post=22477"}],"version-history":[{"count":1,"href":"https:\/\/zonalimitrofe-cbnr.com\/index.php\/wp-json\/wp\/v2\/posts\/22477\/revisions"}],"predecessor-version":[{"id":22480,"href":"https:\/\/zonalimitrofe-cbnr.com\/index.php\/wp-json\/wp\/v2\/posts\/22477\/revisions\/22480"}],"wp:featuredmedia":[{"embeddable":true,"href":"https:\/\/zonalimitrofe-cbnr.com\/index.php\/wp-json\/wp\/v2\/media\/22478"}],"wp:attachment":[{"href":"https:\/\/zonalimitrofe-cbnr.com\/index.php\/wp-json\/wp\/v2\/media?parent=22477"}],"wp:term":[{"taxonomy":"category","embeddable":true,"href":"https:\/\/zonalimitrofe-cbnr.com\/index.php\/wp-json\/wp\/v2\/categories?post=22477"},{"taxonomy":"post_tag","embeddable":true,"href":"https:\/\/zonalimitrofe-cbnr.com\/index.php\/wp-json\/wp\/v2\/tags?post=22477"}],"curies":[{"name":"wp","href":"https:\/\/api.w.org\/{rel}","templated":true}]}}