{"id":22474,"date":"2025-07-09T18:42:25","date_gmt":"2025-07-10T00:42:25","guid":{"rendered":"https:\/\/zonalimitrofe-cbnr.com\/?p=22474"},"modified":"2025-07-09T18:42:26","modified_gmt":"2025-07-10T00:42:26","slug":"durango-sector-educativo-y-empresarial-reconocen-en-estacion-central-impulsada-por-esteban-villegas-un-parteaguas-para-durango","status":"publish","type":"post","link":"https:\/\/zonalimitrofe-cbnr.com\/index.php\/2025\/07\/09\/durango-sector-educativo-y-empresarial-reconocen-en-estacion-central-impulsada-por-esteban-villegas-un-parteaguas-para-durango\/","title":{"rendered":"#Durango. Sector educativo y empresarial reconocen en Estaci\u00f3n Central, impulsada por Esteban Villegas, un parteaguas para Durango*"},"content":{"rendered":"\n<ul>\n<li><em>La Universidad Aut\u00f3noma de Durango proyecta inversi\u00f3n en la segunda etapa del nuevo corredor urbano.<\/em><\/li>\n\n\n\n<li><em>CCE, CANACO y CMIC destacan el liderazgo del Gobernador para detonar desarrollo y atraer inversi\u00f3n.<\/em><\/li>\n<\/ul>\n\n\n\n<p>L\u00edderes del sector educativo y empresarial coincidieron en que el proyecto Estaci\u00f3n Central, presentado por el gobernador Esteban Villegas, representa un parteaguas en el desarrollo urbano de la capital duranguense. Afirmaron que este nuevo espacio, con m\u00e1s de 43 mil metros cuadrados en su primera etapa, simboliza el renacimiento de la ciudad, con impacto directo en la inversi\u00f3n, la convivencia social y la movilidad.<\/p>\n\n\n\n<p>Mart\u00edn Gerardo Soriano Sari\u00f1ana, rector de la Universidad Aut\u00f3noma de Durango, expres\u00f3: \u201cNosotros tenemos mucha ilusi\u00f3n de que esta zona volviera a tener tintes importantes. Retomar este proyecto de Estaci\u00f3n Central nos marca nuevamente la ilusi\u00f3n de tener un \u00e1rea realmente muy significativa\u201d. Adem\u00e1s, se\u00f1al\u00f3 que ya visualizan su participaci\u00f3n en la segunda etapa: \u201cVamos sobre el \u00e1rea de hospitales, de universidades, de centros comerciales. Esto es una inversi\u00f3n muy fuerte, y lo que acaba de decir el gobernador es un gran regalo para la ciudad\u201d.<\/p>\n\n\n\n<p>Desde el sector empresarial, Ra\u00fal Montelongo Nev\u00e1rez, presidente del Consejo Coordinador Empresarial (CCE), destac\u00f3 que este \u201ces un proyecto que Durango necesitaba desde hace muchos a\u00f1os\u201d. Afirm\u00f3 que, tras varios intentos y dise\u00f1os, hoy finalmente se concreta: \u201cYa con incluso algo de obra avanzada por inaugurar, creo que es algo muy positivo, una urbanizaci\u00f3n que le hac\u00eda falta a Durango. Los tres \u00f3rdenes de gobierno, junto con el sector empresarial, unidos, es como podemos detonar la econom\u00eda\u201d.<\/p>\n\n\n\n<p>Sergio S\u00e1nchez L\u00f3pez, presidente de la C\u00e1mara Nacional de Comercio (CANACO), subray\u00f3 que \u201ces una excelente noticia para Durango, un proyecto que est\u00e1bamos esperando en una zona que realmente se ve\u00eda desperdiciada\u201d. Agreg\u00f3 que la visi\u00f3n del gobernador para integrar historia e infraestructura est\u00e1 preparando a la capital para el futuro: \u201cCon proyectos como este, podemos asegurar que otras empresas y grandes industrias nos volteen a ver para instalarse aqu\u00ed\u201d.<\/p>\n\n\n\n<p>Francisco Salazar Mend\u00eda, presidente de la C\u00e1mara Nacional de la Industria de la Construcci\u00f3n (CMIC) en Durango, reconoci\u00f3 tambi\u00e9n el impacto en su gremio: \u201cRenace una nueva etapa para el sector de la construcci\u00f3n. En a\u00f1os anteriores estuvo totalmente apagado, y con este tipo de proyectos que est\u00e1n emprendiendo, resurge tambi\u00e9n nuestro sector\u201d.<\/p>\n\n\n\n<p>Finalmente, Diana Oc\u00f3n Alvarado, integrante del Consejo Coordinador Empresarial, consider\u00f3 que este proyecto es un referente de lo que se puede lograr con visi\u00f3n y voluntad colectiva: \u201cEs un sue\u00f1o hecho realidad. Ya tenemos mucho que contarle a nuestros hijos: el antes y el despu\u00e9s. Esto solo se logra con esfuerzo y mucha voluntad. El gobernador ha sido un gestor incansable para que este proyecto sea una realidad\u201d.<\/p>\n","protected":false},"excerpt":{"rendered":"<p>L\u00edderes del sector educativo y empresarial coincidieron en que el proyecto Estaci\u00f3n Central, presentado por el gobernador Esteban Villegas, representa un parteaguas en el desarrollo urbano de la capital duranguense. Afirmaron que este nuevo espacio, con m\u00e1s de 43 mil metros cuadrados en su primera etapa, simboliza el renacimiento de la ciudad, con impacto directo [&hellip;]<\/p>\n","protected":false},"author":1,"featured_media":22475,"comment_status":"open","ping_status":"open","sticky":false,"template":"","format":"standard","meta":{"_monsterinsights_skip_tracking":false,"_monsterinsights_sitenote_active":false,"_monsterinsights_sitenote_note":"","_monsterinsights_sitenote_category":0,"footnotes":""},"categories":[1],"tags":[],"_links":{"self":[{"href":"https:\/\/zonalimitrofe-cbnr.com\/index.php\/wp-json\/wp\/v2\/posts\/22474"}],"collection":[{"href":"https:\/\/zonalimitrofe-cbnr.com\/index.php\/wp-json\/wp\/v2\/posts"}],"about":[{"href":"https:\/\/zonalimitrofe-cbnr.com\/index.php\/wp-json\/wp\/v2\/types\/post"}],"author":[{"embeddable":true,"href":"https:\/\/zonalimitrofe-cbnr.com\/index.php\/wp-json\/wp\/v2\/users\/1"}],"replies":[{"embeddable":true,"href":"https:\/\/zonalimitrofe-cbnr.com\/index.php\/wp-json\/wp\/v2\/comments?post=22474"}],"version-history":[{"count":1,"href":"https:\/\/zonalimitrofe-cbnr.com\/index.php\/wp-json\/wp\/v2\/posts\/22474\/revisions"}],"predecessor-version":[{"id":22476,"href":"https:\/\/zonalimitrofe-cbnr.com\/index.php\/wp-json\/wp\/v2\/posts\/22474\/revisions\/22476"}],"wp:featuredmedia":[{"embeddable":true,"href":"https:\/\/zonalimitrofe-cbnr.com\/index.php\/wp-json\/wp\/v2\/media\/22475"}],"wp:attachment":[{"href":"https:\/\/zonalimitrofe-cbnr.com\/index.php\/wp-json\/wp\/v2\/media?parent=22474"}],"wp:term":[{"taxonomy":"category","embeddable":true,"href":"https:\/\/zonalimitrofe-cbnr.com\/index.php\/wp-json\/wp\/v2\/categories?post=22474"},{"taxonomy":"post_tag","embeddable":true,"href":"https:\/\/zonalimitrofe-cbnr.com\/index.php\/wp-json\/wp\/v2\/tags?post=22474"}],"curies":[{"name":"wp","href":"https:\/\/api.w.org\/{rel}","templated":true}]}}