{"id":22468,"date":"2025-07-09T18:37:38","date_gmt":"2025-07-10T00:37:38","guid":{"rendered":"https:\/\/zonalimitrofe-cbnr.com\/?p=22468"},"modified":"2025-07-09T18:37:38","modified_gmt":"2025-07-10T00:37:38","slug":"torreon-lluvias-extraordinarias-se-atendieron-desde-la-prevencion-y-en-coordinacion-roman-alberto-cepeda-gonzalez","status":"publish","type":"post","link":"https:\/\/zonalimitrofe-cbnr.com\/index.php\/2025\/07\/09\/torreon-lluvias-extraordinarias-se-atendieron-desde-la-prevencion-y-en-coordinacion-roman-alberto-cepeda-gonzalez\/","title":{"rendered":"#Torre\u00f3n. Lluvias extraordinarias se atendieron desde la prevenci\u00f3n y en coordinaci\u00f3n: Rom\u00e1n Alberto Cepeda Gonz\u00e1lez"},"content":{"rendered":"\n<p><strong>Torre\u00f3n, Coahuila. A 9 de julio de 2025.- <\/strong>Durante la vig\u00e9sima quinta reuni\u00f3n semanal de seguridad, el alcalde Rom\u00e1n Alberto Cepeda Gonz\u00e1lez agradeci\u00f3 a las corporaciones de los tres niveles de Gobierno por las acciones conjuntas para la atenci\u00f3n a las lluvias que se registraron de manera extraordinaria hace d\u00edas, y destac\u00f3 que gracias a la labor preventiva y a la suma de esfuerzos, el impacto de las afectaciones se pudo contener. El Presidente Municipal dijo que el reporte del acumulado de agua pluvial fue de 71.5 mil\u00edmetros en tres d\u00edas, de los cuales 37.5 cayeron en tan solo poco m\u00e1s de una hora el jueves pasado. En ese sentido, reiter\u00f3 la relevancia de mantener acciones permanentes para la revisi\u00f3n de c\u00e1rcamos, limpieza de rejillas y monitoreo constante, como se ha hecho desde la anterior Administraci\u00f3n. Destac\u00f3 que la puesta en marcha del Operativo Especial para la atenci\u00f3n a emergencias por lluvias, implementada en coordinaci\u00f3n con el Gobernador Manolo Jim\u00e9nez Salinas, y con la participaci\u00f3n del Ej\u00e9rcito Mexicano y la Guardia Nacional, hizo la diferencia para resguardar a los vecinos del poniente de Torre\u00f3n, que se vieron mayormente afectados. Ante el pron\u00f3stico de que se presenten m\u00e1s lluvias la pr\u00f3xima semana, el Alcalde pidi\u00f3 a las corporaciones y dependencias mantener las acciones preventivas y de atenci\u00f3n inmediata al momento que se presenten. Referente al \u00edndice semanal de incidencia delictiva, el comisario C\u00e9sar Antonio Perales Esparza inform\u00f3 que del 1 al 7 de julio, disminuy\u00f3 el \u00edndice delictivo en el rubro de robo a local comercial con violencia, con cero eventos; robo a transportista, con cero eventos; y se mantuvo el robo a persona, con un evento. La Polic\u00eda Municipal efectu\u00f3 83 detenciones que fueron remitidas al Ministerio P\u00fablico y 88 al Juez Calificador. El Grupo de Reacci\u00f3n Torre\u00f3n realiz\u00f3 11 detenciones relacionadas con la posesi\u00f3n de narc\u00f3ticos. Adem\u00e1s, el Comisario destac\u00f3 la labor de proximidad social con visitas a escuelas y colonias, as\u00ed como el acercamiento a los locatarios del Mercado Abastos para atender sus inquietudes de seguridad.<\/p>\n\n\n\n<p>Martha Esther Rodr\u00edguez Romero, directora del Centro de Justicia Municipal, inform\u00f3 que por medio del \u00e1rea de Defensor\u00eda de Oficio, el Juzgado C\u00edvico atendi\u00f3 96 audiencias con detenidos, de los cuales en 35 casos se logr\u00f3 la reducci\u00f3n de horas de detenci\u00f3n y 10 m\u00e1s se conmut\u00f3 por trabajo en favor de la comunidad y terapia psicol\u00f3gica, el resto cumpli\u00f3 sus horas de arresto.<\/p>\n\n\n\n<p>El \u00e1rea de Mediaci\u00f3n realiz\u00f3 cinco atenciones y 11 entrevistas. Destac\u00f3 que en lo que va del a\u00f1o se ha resuelto casi la totalidad de intervenciones en conflictos comunitarios, de 68 revisados, 63 han sido resueltos.<\/p>\n\n\n\n<p>La funcionaria tambi\u00e9n inform\u00f3 sobre los recorridos permanentes que realiza por las distintas \u00e1reas del CJM, para fortalecer los lazos de equipo y asegurar un servicio m\u00e1s cercano y eficiente a la ciudadan\u00eda.<\/p>\n\n\n\n<p>Luis Alberto Morales Cort\u00e9s, director de Vialidad y Movilidad Urbana, dijo que se ha capacitado a 9 mil motociclistas en Conducci\u00f3n Defensiva y Preventiva, y destac\u00f3 que el curso ser\u00e1 replicado en Saltillo, como lo han hecho anteriormente otros municipios siguiendo el modelo de Torre\u00f3n.<\/p>\n\n\n\n<p>Las labores sociales por parte de los agentes suman m\u00e1s de mil 200 en lo que va del a\u00f1o, como es en apoyo con traslados de urgencia, o en casos de veh\u00edculos descompuestos.<\/p>\n\n\n\n<p>Agreg\u00f3 que en los programas de Educaci\u00f3n Vial dentro del Paseo Col\u00f3n, se atendieron a 55 ni\u00f1as y ni\u00f1os quienes tuvieron la oportunidad de conocer las reglas b\u00e1sicas y el trabajo de los agentes, adem\u00e1s que se incentiva el uso de la bicicleta.<\/p>\n\n\n\n<p>Jorge Luis Ju\u00e1rez Llanas, director de Protecci\u00f3n Civil y Bomberos, mencion\u00f3 que esta semana se atendieron 87 servicios por parte de las diferentes estaciones.<\/p>\n\n\n\n<p>Se\u00f1al\u00f3 que como parte de las capacitaciones permanentes, elementos del Cuerpo de Bomberos participaron en la \u201cCarrera Vertical 2025\u201d, donde subieron 75 pisos que son un total de 2 mil 536 escalones en la University Tower en la Ciudad de M\u00e9xico, cumpliendo un tiempo de 42 minutos en llegar.<\/p>\n\n\n\n<p>Tambi\u00e9n inform\u00f3 sobre la atenci\u00f3n al reporte de una persona con tendencia suicida en el puente de bulevar Centenario en la colonia El Ranchito, con la colaboraci\u00f3n de Seguridad Publica para su resguardo.<\/p>\n\n\n\n<p>Pablo Fern\u00e1ndez Llamas, director de Inspecci\u00f3n y Verificaci\u00f3n, inform\u00f3 que los principales reportes que recibi\u00f3 la dependencia mediante el sistema 073, fueron por obstrucci\u00f3n en la v\u00eda p\u00fablica, con 17; y veh\u00edculos chatarra, con 12.<\/p>\n\n\n\n<p>Indic\u00f3 que contin\u00faan con los operativos de revisi\u00f3n a quintas, vigilando que cumplan con lo reglamentado para su funcionamiento.<\/p>\n","protected":false},"excerpt":{"rendered":"<p>Torre\u00f3n, Coahuila. A 9 de julio de 2025.- Durante la vig\u00e9sima quinta reuni\u00f3n semanal de seguridad, el alcalde Rom\u00e1n Alberto Cepeda Gonz\u00e1lez agradeci\u00f3 a las corporaciones de los tres niveles de Gobierno por las acciones conjuntas para la atenci\u00f3n a las lluvias que se registraron de manera extraordinaria hace d\u00edas, y destac\u00f3 que gracias a [&hellip;]<\/p>\n","protected":false},"author":1,"featured_media":22469,"comment_status":"open","ping_status":"open","sticky":false,"template":"","format":"standard","meta":{"_monsterinsights_skip_tracking":false,"_monsterinsights_sitenote_active":false,"_monsterinsights_sitenote_note":"","_monsterinsights_sitenote_category":0,"footnotes":""},"categories":[1],"tags":[],"_links":{"self":[{"href":"https:\/\/zonalimitrofe-cbnr.com\/index.php\/wp-json\/wp\/v2\/posts\/22468"}],"collection":[{"href":"https:\/\/zonalimitrofe-cbnr.com\/index.php\/wp-json\/wp\/v2\/posts"}],"about":[{"href":"https:\/\/zonalimitrofe-cbnr.com\/index.php\/wp-json\/wp\/v2\/types\/post"}],"author":[{"embeddable":true,"href":"https:\/\/zonalimitrofe-cbnr.com\/index.php\/wp-json\/wp\/v2\/users\/1"}],"replies":[{"embeddable":true,"href":"https:\/\/zonalimitrofe-cbnr.com\/index.php\/wp-json\/wp\/v2\/comments?post=22468"}],"version-history":[{"count":1,"href":"https:\/\/zonalimitrofe-cbnr.com\/index.php\/wp-json\/wp\/v2\/posts\/22468\/revisions"}],"predecessor-version":[{"id":22470,"href":"https:\/\/zonalimitrofe-cbnr.com\/index.php\/wp-json\/wp\/v2\/posts\/22468\/revisions\/22470"}],"wp:featuredmedia":[{"embeddable":true,"href":"https:\/\/zonalimitrofe-cbnr.com\/index.php\/wp-json\/wp\/v2\/media\/22469"}],"wp:attachment":[{"href":"https:\/\/zonalimitrofe-cbnr.com\/index.php\/wp-json\/wp\/v2\/media?parent=22468"}],"wp:term":[{"taxonomy":"category","embeddable":true,"href":"https:\/\/zonalimitrofe-cbnr.com\/index.php\/wp-json\/wp\/v2\/categories?post=22468"},{"taxonomy":"post_tag","embeddable":true,"href":"https:\/\/zonalimitrofe-cbnr.com\/index.php\/wp-json\/wp\/v2\/tags?post=22468"}],"curies":[{"name":"wp","href":"https:\/\/api.w.org\/{rel}","templated":true}]}}