{"id":22444,"date":"2025-07-08T17:11:30","date_gmt":"2025-07-08T23:11:30","guid":{"rendered":"https:\/\/zonalimitrofe-cbnr.com\/?p=22444"},"modified":"2025-07-08T17:11:30","modified_gmt":"2025-07-08T23:11:30","slug":"lerdo-rescata-proteccion-civil-de-lerdo-halcon-herido","status":"publish","type":"post","link":"https:\/\/zonalimitrofe-cbnr.com\/index.php\/2025\/07\/08\/lerdo-rescata-proteccion-civil-de-lerdo-halcon-herido\/","title":{"rendered":"#Lerdo. RESCATA PROTECCI\u00d3N CIVIL DE LERDO HALC\u00d3N HERIDO*"},"content":{"rendered":"\n<p>Lerdo, 08 de julio de 2025.- Elementos de la Coordinaci\u00f3n de Protecci\u00f3n Civil en Lerdo realizaron el rescate de un halc\u00f3n herido, luego de recibir un reporte ciudadano la noche del lunes 07 de julio.<\/p>\n\n\n\n<p>Fue alrededor de las 9:30 de la noche cuando el ciudadano Manuel Campos, vecino del domicilio ubicado en la colonia Nogales, report\u00f3 la presencia del ave en su vivienda. El halc\u00f3n ya se encontraba resguardado en una jaula de pl\u00e1stico para evitar que sufriera da\u00f1os adicionales.<\/p>\n\n\n\n<p>El personal de Protecci\u00f3n Civil acudi\u00f3 al lugar para asegurar y trasladar al animal a las instalaciones de la dependencia, donde permaneci\u00f3 bajo resguardo durante la noche.<\/p>\n\n\n\n<p>El ave presenta una aparente fractura en una de sus alas, lo que le impide volar. Durante este martes, ser\u00e1 entregada a la Procuradur\u00eda Federal de Protecci\u00f3n al Medio Ambiente (PROFEPA) para su valoraci\u00f3n m\u00e9dica y rehabilitaci\u00f3n.<\/p>\n\n\n\n<p>Las autoridades reiteran el llamado a la ciudadan\u00eda para reportar cualquier situaci\u00f3n relacionada con la fauna silvestre, a fin de brindar atenci\u00f3n oportuna y adecuada al tel\u00e9fono 911.<\/p>\n","protected":false},"excerpt":{"rendered":"<p>Lerdo, 08 de julio de 2025.- Elementos de la Coordinaci\u00f3n de Protecci\u00f3n Civil en Lerdo realizaron el rescate de un halc\u00f3n herido, luego de recibir un reporte ciudadano la noche del lunes 07 de julio. Fue alrededor de las 9:30 de la noche cuando el ciudadano Manuel Campos, vecino del domicilio ubicado en la colonia [&hellip;]<\/p>\n","protected":false},"author":1,"featured_media":22445,"comment_status":"open","ping_status":"open","sticky":false,"template":"","format":"standard","meta":{"_monsterinsights_skip_tracking":false,"_monsterinsights_sitenote_active":false,"_monsterinsights_sitenote_note":"","_monsterinsights_sitenote_category":0,"footnotes":""},"categories":[1],"tags":[],"_links":{"self":[{"href":"https:\/\/zonalimitrofe-cbnr.com\/index.php\/wp-json\/wp\/v2\/posts\/22444"}],"collection":[{"href":"https:\/\/zonalimitrofe-cbnr.com\/index.php\/wp-json\/wp\/v2\/posts"}],"about":[{"href":"https:\/\/zonalimitrofe-cbnr.com\/index.php\/wp-json\/wp\/v2\/types\/post"}],"author":[{"embeddable":true,"href":"https:\/\/zonalimitrofe-cbnr.com\/index.php\/wp-json\/wp\/v2\/users\/1"}],"replies":[{"embeddable":true,"href":"https:\/\/zonalimitrofe-cbnr.com\/index.php\/wp-json\/wp\/v2\/comments?post=22444"}],"version-history":[{"count":1,"href":"https:\/\/zonalimitrofe-cbnr.com\/index.php\/wp-json\/wp\/v2\/posts\/22444\/revisions"}],"predecessor-version":[{"id":22446,"href":"https:\/\/zonalimitrofe-cbnr.com\/index.php\/wp-json\/wp\/v2\/posts\/22444\/revisions\/22446"}],"wp:featuredmedia":[{"embeddable":true,"href":"https:\/\/zonalimitrofe-cbnr.com\/index.php\/wp-json\/wp\/v2\/media\/22445"}],"wp:attachment":[{"href":"https:\/\/zonalimitrofe-cbnr.com\/index.php\/wp-json\/wp\/v2\/media?parent=22444"}],"wp:term":[{"taxonomy":"category","embeddable":true,"href":"https:\/\/zonalimitrofe-cbnr.com\/index.php\/wp-json\/wp\/v2\/categories?post=22444"},{"taxonomy":"post_tag","embeddable":true,"href":"https:\/\/zonalimitrofe-cbnr.com\/index.php\/wp-json\/wp\/v2\/tags?post=22444"}],"curies":[{"name":"wp","href":"https:\/\/api.w.org\/{rel}","templated":true}]}}