{"id":22432,"date":"2025-07-08T16:56:30","date_gmt":"2025-07-08T22:56:30","guid":{"rendered":"https:\/\/zonalimitrofe-cbnr.com\/?p=22432"},"modified":"2025-07-08T16:56:31","modified_gmt":"2025-07-08T22:56:31","slug":"lerdo-lluvias-ocasionales-provocan-caida-de-arboles-y-barda-en-lerdo","status":"publish","type":"post","link":"https:\/\/zonalimitrofe-cbnr.com\/index.php\/2025\/07\/08\/lerdo-lluvias-ocasionales-provocan-caida-de-arboles-y-barda-en-lerdo\/","title":{"rendered":"#Lerdo. LLUVIAS OCASIONALES PROVOCAN CA\u00cdDA DE \u00c1RBOLES Y BARDA EN LERDO*"},"content":{"rendered":"\n<p>Lerdo, 08 de julio de 2025.- La Coordinaci\u00f3n de Protecci\u00f3n Civil y Bomberos de Lerdo report\u00f3 diversas afectaciones derivadas de la lluvia ocasional registrada el pasado lunes alrededor de las 5:00 de la tarde, la cual se present\u00f3 de manera intensa durante aproximadamente 25 minutos.<\/p>\n\n\n\n<p>Entre los da\u00f1os se registr\u00f3 la ca\u00edda de seis \u00e1rboles de gran tama\u00f1o y cables el\u00e9ctricos en la plaza de la colonia \u00c1lvaro Obreg\u00f3n, adem\u00e1s de una palma que colaps\u00f3 sobre un domicilio en la misma comunidad.<\/p>\n\n\n\n<p>En la colonia Carlos Real, un \u00e1rbol cay\u00f3 parcialmente sobre la carretera, y se detect\u00f3 tambi\u00e9n la ca\u00edda de una barda, por lo que personal de Protecci\u00f3n Civil acudi\u00f3 de inmediato a acordonar el \u00e1rea y emitir las recomendaciones necesarias a los habitantes para su resguardo.<\/p>\n\n\n\n<p>La coordinaci\u00f3n municipal hace un llamado a la ciudadan\u00eda a mantenerse informada sobre las condiciones meteorol\u00f3gicas, evitar salir durante precipitaciones intensas y no acudir a espacios p\u00fablicos ante el riesgo que representan los \u00e1rboles altos en condiciones de lluvia o viento. Asimismo, se exhorta a la poblaci\u00f3n a reportar cualquier situaci\u00f3n de emergencia al n\u00famero 911.<\/p>\n\n\n\n<p>Cabe se\u00f1alar que, para este martes, el pron\u00f3stico del clima indica un 35 por ciento de probabilidad de lluvias en la regi\u00f3n.<\/p>\n","protected":false},"excerpt":{"rendered":"<p>Lerdo, 08 de julio de 2025.- La Coordinaci\u00f3n de Protecci\u00f3n Civil y Bomberos de Lerdo report\u00f3 diversas afectaciones derivadas de la lluvia ocasional registrada el pasado lunes alrededor de las 5:00 de la tarde, la cual se present\u00f3 de manera intensa durante aproximadamente 25 minutos. Entre los da\u00f1os se registr\u00f3 la ca\u00edda de seis \u00e1rboles [&hellip;]<\/p>\n","protected":false},"author":1,"featured_media":22433,"comment_status":"open","ping_status":"open","sticky":false,"template":"","format":"standard","meta":{"_monsterinsights_skip_tracking":false,"_monsterinsights_sitenote_active":false,"_monsterinsights_sitenote_note":"","_monsterinsights_sitenote_category":0,"footnotes":""},"categories":[1],"tags":[],"_links":{"self":[{"href":"https:\/\/zonalimitrofe-cbnr.com\/index.php\/wp-json\/wp\/v2\/posts\/22432"}],"collection":[{"href":"https:\/\/zonalimitrofe-cbnr.com\/index.php\/wp-json\/wp\/v2\/posts"}],"about":[{"href":"https:\/\/zonalimitrofe-cbnr.com\/index.php\/wp-json\/wp\/v2\/types\/post"}],"author":[{"embeddable":true,"href":"https:\/\/zonalimitrofe-cbnr.com\/index.php\/wp-json\/wp\/v2\/users\/1"}],"replies":[{"embeddable":true,"href":"https:\/\/zonalimitrofe-cbnr.com\/index.php\/wp-json\/wp\/v2\/comments?post=22432"}],"version-history":[{"count":1,"href":"https:\/\/zonalimitrofe-cbnr.com\/index.php\/wp-json\/wp\/v2\/posts\/22432\/revisions"}],"predecessor-version":[{"id":22434,"href":"https:\/\/zonalimitrofe-cbnr.com\/index.php\/wp-json\/wp\/v2\/posts\/22432\/revisions\/22434"}],"wp:featuredmedia":[{"embeddable":true,"href":"https:\/\/zonalimitrofe-cbnr.com\/index.php\/wp-json\/wp\/v2\/media\/22433"}],"wp:attachment":[{"href":"https:\/\/zonalimitrofe-cbnr.com\/index.php\/wp-json\/wp\/v2\/media?parent=22432"}],"wp:term":[{"taxonomy":"category","embeddable":true,"href":"https:\/\/zonalimitrofe-cbnr.com\/index.php\/wp-json\/wp\/v2\/categories?post=22432"},{"taxonomy":"post_tag","embeddable":true,"href":"https:\/\/zonalimitrofe-cbnr.com\/index.php\/wp-json\/wp\/v2\/tags?post=22432"}],"curies":[{"name":"wp","href":"https:\/\/api.w.org\/{rel}","templated":true}]}}