{"id":22364,"date":"2025-07-06T14:42:30","date_gmt":"2025-07-06T20:42:30","guid":{"rendered":"https:\/\/zonalimitrofe-cbnr.com\/?p=22364"},"modified":"2025-07-06T14:42:31","modified_gmt":"2025-07-06T20:42:31","slug":"durango-siembra-futuro-gobierno-de-esteban-impulsa-conciencia-ecologica-desde-la-ninez-con-el-programa-plantando-conciencia","status":"publish","type":"post","link":"https:\/\/zonalimitrofe-cbnr.com\/index.php\/2025\/07\/06\/durango-siembra-futuro-gobierno-de-esteban-impulsa-conciencia-ecologica-desde-la-ninez-con-el-programa-plantando-conciencia\/","title":{"rendered":"#Durango siembra futuro: Gobierno de Esteban impulsa conciencia ecol\u00f3gica desde la ni\u00f1ez con el programa \u201cPlantando Conciencia\u201d*"},"content":{"rendered":"\n<ul>\n<li><em>M\u00e1s de 100 escuelas primarias reciben \u00e1rboles y contenedores como parte de esta estrategia.<\/em><\/li>\n\n\n\n<li><em>Educaci\u00f3n ambiental desde las aulas para construir un Durango m\u00e1s verde y sostenible.<\/em><\/li>\n<\/ul>\n\n\n\n<p>En un compromiso firme con el cuidado del medio ambiente y la formaci\u00f3n de una ciudadan\u00eda responsable desde edades tempranas, el Gobierno del Estado de Esteban Villegas Villarreal, puso en marcha la iniciativa \u201cPlantando Conciencia\u201d, impulsada por la Secretar\u00eda de Recursos Naturales y Medio Ambiente (SRNMA) y la Secretar\u00eda de Educaci\u00f3n del Estado de Durango (SEED).<\/p>\n\n\n\n<p>Como parte de esta estrategia, se entregaron \u00e1rboles y contenedores para residuos a m\u00e1s de 100 escuelas primarias, promoviendo no solo la creaci\u00f3n de espacios verdes, sino tambi\u00e9n la participaci\u00f3n activa de estudiantes, docentes y padres de familia en la protecci\u00f3n del planeta.<\/p>\n\n\n\n<p>La entrega simb\u00f3lica se realiz\u00f3 en las escuelas Solidaridad, Cuauht\u00e9moc, Olga Arias y el Centro de Atenci\u00f3n Infantil n\u00famero 1, con la presencia de Claudia Hern\u00e1ndez Espino, titular de la SRNMA; Guillermo Adame Calder\u00f3n, secretario de Educaci\u00f3n; y Marco Antonio \u00c1vila Ch\u00e1vez, titular de la Oficina de Representaci\u00f3n de la SEMARNAT en Durango, quienes reafirmaron el compromiso de la comunidad escolar con el cuidado ambiental.<\/p>\n\n\n\n<p>\u201cReforestar es cuidar el futuro. Un \u00e1rbol no solo ofrece sombra, tambi\u00e9n proporciona ox\u00edgeno, conserva el agua, da hogar a la biodiversidad y regula el clima. En cada plantaci\u00f3n, sembramos futuro\u201d, expres\u00f3 Hern\u00e1ndez Espino ante ni\u00f1as y ni\u00f1os presentes.<\/p>\n\n\n\n<p>El secretario Adame Calder\u00f3n destac\u00f3 que esta pol\u00edtica ambiental forma parte de una visi\u00f3n integral del gobierno de Esteban Villegas, que incluye proyectos estrat\u00e9gicos como la presa Tunal II y la planta potabilizadora Guadalupe Victoria, fundamentales para garantizar el abasto de agua de calidad y el \u00e9xito de los programas de reforestaci\u00f3n.<\/p>\n\n\n\n<p>Adem\u00e1s, se comprometi\u00f3 a impulsar pr\u00e1cticas sustentables con la estrategia Oficinas con Valor Ambiental, que busca reducir el uso de pl\u00e1sticos, fomentar el ahorro de energ\u00eda y otras medidas que fortalecen la conciencia ecol\u00f3gica.<\/p>\n\n\n\n<p>Dentro de las escuelas, tambi\u00e9n se promueve la formaci\u00f3n de comit\u00e9s de educaci\u00f3n ambiental para consolidar una cultura de respeto, conservaci\u00f3n y uso responsable de los recursos naturales.<\/p>\n\n\n\n<p>Con estas acciones, Durango reafirma su papel como la principal reserva forestal del pa\u00eds, el coraz\u00f3n verde de M\u00e9xico y un ejemplo de c\u00f3mo la educaci\u00f3n y el cuidado ambiental pueden ir de la mano para construir un mejor futuro.<\/p>\n","protected":false},"excerpt":{"rendered":"<p>En un compromiso firme con el cuidado del medio ambiente y la formaci\u00f3n de una ciudadan\u00eda responsable desde edades tempranas, el Gobierno del Estado de Esteban Villegas Villarreal, puso en marcha la iniciativa \u201cPlantando Conciencia\u201d, impulsada por la Secretar\u00eda de Recursos Naturales y Medio Ambiente (SRNMA) y la Secretar\u00eda de Educaci\u00f3n del Estado de Durango [&hellip;]<\/p>\n","protected":false},"author":1,"featured_media":22365,"comment_status":"open","ping_status":"open","sticky":false,"template":"","format":"standard","meta":{"_monsterinsights_skip_tracking":false,"_monsterinsights_sitenote_active":false,"_monsterinsights_sitenote_note":"","_monsterinsights_sitenote_category":0,"footnotes":""},"categories":[1],"tags":[],"_links":{"self":[{"href":"https:\/\/zonalimitrofe-cbnr.com\/index.php\/wp-json\/wp\/v2\/posts\/22364"}],"collection":[{"href":"https:\/\/zonalimitrofe-cbnr.com\/index.php\/wp-json\/wp\/v2\/posts"}],"about":[{"href":"https:\/\/zonalimitrofe-cbnr.com\/index.php\/wp-json\/wp\/v2\/types\/post"}],"author":[{"embeddable":true,"href":"https:\/\/zonalimitrofe-cbnr.com\/index.php\/wp-json\/wp\/v2\/users\/1"}],"replies":[{"embeddable":true,"href":"https:\/\/zonalimitrofe-cbnr.com\/index.php\/wp-json\/wp\/v2\/comments?post=22364"}],"version-history":[{"count":1,"href":"https:\/\/zonalimitrofe-cbnr.com\/index.php\/wp-json\/wp\/v2\/posts\/22364\/revisions"}],"predecessor-version":[{"id":22366,"href":"https:\/\/zonalimitrofe-cbnr.com\/index.php\/wp-json\/wp\/v2\/posts\/22364\/revisions\/22366"}],"wp:featuredmedia":[{"embeddable":true,"href":"https:\/\/zonalimitrofe-cbnr.com\/index.php\/wp-json\/wp\/v2\/media\/22365"}],"wp:attachment":[{"href":"https:\/\/zonalimitrofe-cbnr.com\/index.php\/wp-json\/wp\/v2\/media?parent=22364"}],"wp:term":[{"taxonomy":"category","embeddable":true,"href":"https:\/\/zonalimitrofe-cbnr.com\/index.php\/wp-json\/wp\/v2\/categories?post=22364"},{"taxonomy":"post_tag","embeddable":true,"href":"https:\/\/zonalimitrofe-cbnr.com\/index.php\/wp-json\/wp\/v2\/tags?post=22364"}],"curies":[{"name":"wp","href":"https:\/\/api.w.org\/{rel}","templated":true}]}}