{"id":22355,"date":"2025-07-06T14:29:12","date_gmt":"2025-07-06T20:29:12","guid":{"rendered":"https:\/\/zonalimitrofe-cbnr.com\/?p=22355"},"modified":"2025-07-06T14:29:12","modified_gmt":"2025-07-06T20:29:12","slug":"durango-vive-un-verano-de-corazon-2025-invita-dif-a-disfrutar-de-unas-vacaciones-activas-divertidas-y-llenas-de-valores","status":"publish","type":"post","link":"https:\/\/zonalimitrofe-cbnr.com\/index.php\/2025\/07\/06\/durango-vive-un-verano-de-corazon-2025-invita-dif-a-disfrutar-de-unas-vacaciones-activas-divertidas-y-llenas-de-valores\/","title":{"rendered":"#Durango. \u00a1Vive un Verano de Coraz\u00f3n 2025! Invita DIF a disfrutar de unas vacaciones activas, divertidas y llenas de valores*"},"content":{"rendered":"\n<ul>\n<li><em>Inscripciones abiertas para este curso que tendr\u00e1 actividades deportivas, culturales y recreativas.<\/em><\/li>\n\n\n\n<li><em>Del 21 de julio al 15 de agosto, ni\u00f1as y ni\u00f1os de 6 a 14 a\u00f1os podr\u00e1n disfrutar de un espacio seguro, formativo y lleno de alegr\u00eda.<\/em><\/li>\n\n\n\n<li><em>Se tendr\u00e1n dos sedes activas, Centro Luis Echeverr\u00eda y Centro Oriente.<\/em><\/li>\n<\/ul>\n\n\n\n<p>Vivir unas vacaciones divertidas, en un entorno seguro, con actividades que impulsan el desarrollo f\u00edsico, emocional y social, es posible gracias al curso \u201cVerano de Coraz\u00f3n 2025\u201d que Marisol Rosso Rivera, presidenta del DIF Estatal ha preparado con gran entusiasmo para las ni\u00f1as y ni\u00f1os de Durango. Este programa busca brindar a las familias una opci\u00f3n accesible y de calidad para el bienestar de sus hijas e hijos durante el receso escolar.<\/p>\n\n\n\n<p>Del 21 de julio al 15 de agosto, de lunes a viernes en horario de 8:30 de la ma\u00f1ana a 1:30 de la tarde, se llevar\u00e1 a cabo este curso en dos sedes: Centro Luis Echeverr\u00eda y Centro Oriente. Ambas ofrecer\u00e1n espacios adecuados y personal capacitado para recibir a ni\u00f1as y ni\u00f1os de entre 6 y 14 a\u00f1os, con una amplia variedad de actividades que promueven la sana convivencia y el aprendizaje a trav\u00e9s del juego.<\/p>\n\n\n\n<p>Los participantes podr\u00e1n disfrutar de talleres y din\u00e1micas como f\u00fatbol, voleibol, b\u00e1squetbol, taekwondo, nataci\u00f3n, baile, arte, cine, ajedrez, rallys y paseos. Adem\u00e1s, recibir\u00e1n un kit con playera, cachucha, pulsera y gafete, que los identificar\u00e1 como parte de esta experiencia formativa y recreativa.<\/p>\n\n\n\n<p>La inscripci\u00f3n tiene un costo de 1,250 pesos, con un 15% de descuento si se realiza entre el 30 de junio y el 11 de julio. Esta iniciativa forma parte del compromiso de Marisol Rosso, de impulsar programas integrales que fortalezcan los valores, el desarrollo personal y el bienestar de la infancia duranguense.<\/p>\n\n\n\n<p>Las inscripciones ya est\u00e1n abiertas. Para mayores informes, las familias interesadas pueden comunicarse al 618 127 06 20 para el Centro Luis Echeverr\u00eda y al 618 247 71 74 para el Centro Oriente. DIF Estatal reitera la invitaci\u00f3n a vivir este verano con coraz\u00f3n, alegr\u00eda y muchas ganas de aprender.<\/p>\n","protected":false},"excerpt":{"rendered":"<p>Vivir unas vacaciones divertidas, en un entorno seguro, con actividades que impulsan el desarrollo f\u00edsico, emocional y social, es posible gracias al curso \u201cVerano de Coraz\u00f3n 2025\u201d que Marisol Rosso Rivera, presidenta del DIF Estatal ha preparado con gran entusiasmo para las ni\u00f1as y ni\u00f1os de Durango. Este programa busca brindar a las familias una [&hellip;]<\/p>\n","protected":false},"author":1,"featured_media":22356,"comment_status":"open","ping_status":"open","sticky":false,"template":"","format":"standard","meta":{"_monsterinsights_skip_tracking":false,"_monsterinsights_sitenote_active":false,"_monsterinsights_sitenote_note":"","_monsterinsights_sitenote_category":0,"footnotes":""},"categories":[1],"tags":[],"_links":{"self":[{"href":"https:\/\/zonalimitrofe-cbnr.com\/index.php\/wp-json\/wp\/v2\/posts\/22355"}],"collection":[{"href":"https:\/\/zonalimitrofe-cbnr.com\/index.php\/wp-json\/wp\/v2\/posts"}],"about":[{"href":"https:\/\/zonalimitrofe-cbnr.com\/index.php\/wp-json\/wp\/v2\/types\/post"}],"author":[{"embeddable":true,"href":"https:\/\/zonalimitrofe-cbnr.com\/index.php\/wp-json\/wp\/v2\/users\/1"}],"replies":[{"embeddable":true,"href":"https:\/\/zonalimitrofe-cbnr.com\/index.php\/wp-json\/wp\/v2\/comments?post=22355"}],"version-history":[{"count":1,"href":"https:\/\/zonalimitrofe-cbnr.com\/index.php\/wp-json\/wp\/v2\/posts\/22355\/revisions"}],"predecessor-version":[{"id":22357,"href":"https:\/\/zonalimitrofe-cbnr.com\/index.php\/wp-json\/wp\/v2\/posts\/22355\/revisions\/22357"}],"wp:featuredmedia":[{"embeddable":true,"href":"https:\/\/zonalimitrofe-cbnr.com\/index.php\/wp-json\/wp\/v2\/media\/22356"}],"wp:attachment":[{"href":"https:\/\/zonalimitrofe-cbnr.com\/index.php\/wp-json\/wp\/v2\/media?parent=22355"}],"wp:term":[{"taxonomy":"category","embeddable":true,"href":"https:\/\/zonalimitrofe-cbnr.com\/index.php\/wp-json\/wp\/v2\/categories?post=22355"},{"taxonomy":"post_tag","embeddable":true,"href":"https:\/\/zonalimitrofe-cbnr.com\/index.php\/wp-json\/wp\/v2\/tags?post=22355"}],"curies":[{"name":"wp","href":"https:\/\/api.w.org\/{rel}","templated":true}]}}