{"id":22349,"date":"2025-07-06T14:25:31","date_gmt":"2025-07-06T20:25:31","guid":{"rendered":"https:\/\/zonalimitrofe-cbnr.com\/?p=22349"},"modified":"2025-07-06T14:25:31","modified_gmt":"2025-07-06T20:25:31","slug":"torreon-municipio-de-torreon-y-el-tec-de-la-laguna-consolidan-alianza-para-impulsar-la-ciencia-e-innovacion","status":"publish","type":"post","link":"https:\/\/zonalimitrofe-cbnr.com\/index.php\/2025\/07\/06\/torreon-municipio-de-torreon-y-el-tec-de-la-laguna-consolidan-alianza-para-impulsar-la-ciencia-e-innovacion\/","title":{"rendered":"#Torre\u00f3n. Municipio de Torre\u00f3n y el TEC de La Laguna consolidan alianza para impulsar la ciencia e innovaci\u00f3n"},"content":{"rendered":"\n<p>Torre\u00f3n, Coahuila. A 6 de julio de 2025<\/p>\n\n\n\n<p>En un esfuerzo conjunto por mejorar la calidad del aire y fomentar el desarrollo tecnol\u00f3gico con responsabilidad ambiental, el Municipio de Torre\u00f3n firm\u00f3 un convenio de colaboraci\u00f3n con el Instituto Tecnol\u00f3gico de La Laguna.<\/p>\n\n\n\n<p>A trav\u00e9s de la Direcci\u00f3n General de Medio Ambiente (DGMA) se llev\u00f3 a cabo el convenio que tiene como objetivo fortalecer el sistema de monitoreo de calidad del aire en la ciudad, as\u00ed como desarrollar nuevas tecnolog\u00edas aplicadas al Centro de Verificaci\u00f3n Vehicular, incluyendo el dise\u00f1o de un software especializado para mejorar su funcionamiento y eficiencia.<\/p>\n\n\n\n<p>Marcelo S\u00e1nchez Adame, director de Medio Ambiente, dio a conocer que el convenio contempla adem\u00e1s una estrecha colaboraci\u00f3n acad\u00e9mica y cient\u00edfica, permitiendo el desarrollo de proyectos de investigaci\u00f3n conjunta.<\/p>\n\n\n\n<p>Adem\u00e1s de programas tecnol\u00f3gicos y acad\u00e9micos enfocados en sostenibilidad, actividades institucionales que fomenten el desarrollo de capacidades t\u00e9cnicas, la organizaci\u00f3n, asesor\u00eda y coordinaci\u00f3n de estudiantes para la realizaci\u00f3n de su servicio social, y pr\u00e1cticas profesionales en proyectos vinculados al medio ambiente.<\/p>\n\n\n\n<p>\u201cCreemos firmemente que la ciencia, la innovaci\u00f3n y la educaci\u00f3n son pilares fundamentales para enfrentar los desaf\u00edos ambientales de nuestra ciudad. Por eso, desde esta direcci\u00f3n, impulsamos alianzas estrat\u00e9gicas con instituciones que compartan esta visi\u00f3n\u201d.<\/p>\n\n\n\n<p>Destac\u00f3 que esta colaboraci\u00f3n fue impulsada por el alcalde Rom\u00e1n Alberto Cepeda, quien ha reafirmado su compromiso promoviendo alianzas con instituciones educativas para avanzar a trav\u00e9s de la ciencia, innovaci\u00f3n y responsabilidad.<\/p>\n\n\n\n<p>El funcionario extern\u00f3 que la Direcci\u00f3n General de Medio Ambiente continuar\u00e1 trabajando con universidades para construir un Torre\u00f3n m\u00e1s limpio, consciente y preparado para el futuro.<\/p>\n","protected":false},"excerpt":{"rendered":"<p>Torre\u00f3n, Coahuila. A 6 de julio de 2025 En un esfuerzo conjunto por mejorar la calidad del aire y fomentar el desarrollo tecnol\u00f3gico con responsabilidad ambiental, el Municipio de Torre\u00f3n firm\u00f3 un convenio de colaboraci\u00f3n con el Instituto Tecnol\u00f3gico de La Laguna. A trav\u00e9s de la Direcci\u00f3n General de Medio Ambiente (DGMA) se llev\u00f3 a [&hellip;]<\/p>\n","protected":false},"author":1,"featured_media":22350,"comment_status":"open","ping_status":"open","sticky":false,"template":"","format":"standard","meta":{"_monsterinsights_skip_tracking":false,"_monsterinsights_sitenote_active":false,"_monsterinsights_sitenote_note":"","_monsterinsights_sitenote_category":0,"footnotes":""},"categories":[1],"tags":[],"_links":{"self":[{"href":"https:\/\/zonalimitrofe-cbnr.com\/index.php\/wp-json\/wp\/v2\/posts\/22349"}],"collection":[{"href":"https:\/\/zonalimitrofe-cbnr.com\/index.php\/wp-json\/wp\/v2\/posts"}],"about":[{"href":"https:\/\/zonalimitrofe-cbnr.com\/index.php\/wp-json\/wp\/v2\/types\/post"}],"author":[{"embeddable":true,"href":"https:\/\/zonalimitrofe-cbnr.com\/index.php\/wp-json\/wp\/v2\/users\/1"}],"replies":[{"embeddable":true,"href":"https:\/\/zonalimitrofe-cbnr.com\/index.php\/wp-json\/wp\/v2\/comments?post=22349"}],"version-history":[{"count":1,"href":"https:\/\/zonalimitrofe-cbnr.com\/index.php\/wp-json\/wp\/v2\/posts\/22349\/revisions"}],"predecessor-version":[{"id":22351,"href":"https:\/\/zonalimitrofe-cbnr.com\/index.php\/wp-json\/wp\/v2\/posts\/22349\/revisions\/22351"}],"wp:featuredmedia":[{"embeddable":true,"href":"https:\/\/zonalimitrofe-cbnr.com\/index.php\/wp-json\/wp\/v2\/media\/22350"}],"wp:attachment":[{"href":"https:\/\/zonalimitrofe-cbnr.com\/index.php\/wp-json\/wp\/v2\/media?parent=22349"}],"wp:term":[{"taxonomy":"category","embeddable":true,"href":"https:\/\/zonalimitrofe-cbnr.com\/index.php\/wp-json\/wp\/v2\/categories?post=22349"},{"taxonomy":"post_tag","embeddable":true,"href":"https:\/\/zonalimitrofe-cbnr.com\/index.php\/wp-json\/wp\/v2\/tags?post=22349"}],"curies":[{"name":"wp","href":"https:\/\/api.w.org\/{rel}","templated":true}]}}