{"id":22346,"date":"2025-07-06T14:23:57","date_gmt":"2025-07-06T20:23:57","guid":{"rendered":"https:\/\/zonalimitrofe-cbnr.com\/?p=22346"},"modified":"2025-07-06T14:23:58","modified_gmt":"2025-07-06T20:23:58","slug":"durango-semilla-a-tiempo-cosechas-seguras-esteban-cumple-en-san-juan-del-rio-y-fortalece-la-produccion-del-campo","status":"publish","type":"post","link":"https:\/\/zonalimitrofe-cbnr.com\/index.php\/2025\/07\/06\/durango-semilla-a-tiempo-cosechas-seguras-esteban-cumple-en-san-juan-del-rio-y-fortalece-la-produccion-del-campo\/","title":{"rendered":"#Durango. Semilla a tiempo, cosechas seguras: Esteban cumple en San Juan del R\u00edo y fortalece la producci\u00f3n del campo*"},"content":{"rendered":"\n<ul>\n<li><em>Destacan la entrega puntual de semilla de frijol y avena para enfrentar el ciclo agr\u00edcola.<\/em><\/li>\n\n\n\n<li><em>Aseguran que a diferencia de a\u00f1os anteriores, esta vez el respaldo al campo lleg\u00f3 a tiempo.<\/em><\/li>\n<\/ul>\n\n\n\n<p>San Juan del R\u00edo, Dgo.\u2014 Habitantes de diversas comunidades del municipio expresaron su reconocimiento al gobernador Esteban Villegas Villarreal por la entrega de m\u00e1s de 190 toneladas de semilla para siembra, como parte del apoyo integral al campo duranguense. Productores coincidieron en que esta vez el recurso lleg\u00f3 de manera oportuna, lo que les permitir\u00e1 aprovechar la temporada de lluvias y fortalecer su econom\u00eda familiar.<\/p>\n\n\n\n<p>\u201cLe damos las gracias al se\u00f1or gobernador por el apoyo que lleg\u00f3 a tiempo. Otras veces llegaba tarde, hoy lleg\u00f3 temprano\u201d, expres\u00f3 Jos\u00e9 Alonso Rocha Villarreal, jefe de cuartel del nuevo poblado Francisco de Ibarra, quien adem\u00e1s reconoci\u00f3 el trabajo incansable del presidente municipal Manuel Gallegos: \u201c\u00c9l anda recorriendo las oficinas para que los recursos lleguen hasta los campesinos\u201d.<\/p>\n\n\n\n<p>Desde la misma comunidad, Lucio Rocha Villarreal manifest\u00f3 su orgullo por los resultados que ha tra\u00eddo esta administraci\u00f3n. \u201cSomos parientones lejanos con el gobernador y estoy muy agradecido con \u00e9l por todos sus apoyos. Cada vez que ocupo algo, me acerco con confianza, y aqu\u00ed vamos a estar para apoyarlo hasta donde \u00e9l diga\u201d, asegur\u00f3 con entusiasmo.<\/p>\n\n\n\n<p>En representaci\u00f3n de las mujeres del campo, Petra Contreras, de la comunidad Ca\u00f1ada Segunda, tambi\u00e9n reconoci\u00f3 el impacto directo de estos programas. \u201cVoy a recibir el beneficio del frijol para la siembra que ya viene, y eso nos ayuda a cosechar y seguir comiendo en familia. Gracias al gobernador hemos recibido frijol, ma\u00edz y ahora avena\u201d, relat\u00f3.<\/p>\n\n\n\n<p>Asimismo, Manuel Ignacio Silerio Gonz\u00e1lez, habitante de El Sauz de Abajo, record\u00f3 las dificultades del a\u00f1o pasado por la plaga del chapul\u00edn, pero asegur\u00f3 que este ciclo agr\u00edcola pinta diferente. \u201cMuy buena ayuda, para no comprar avena ni frijol. Nos va a servir mucho este a\u00f1o para sembrar. Muchas gracias al gobernador y que Dios lo siga cuidando\u201d, se\u00f1al\u00f3.<\/p>\n\n\n\n<p>Estos testimonios reflejan el alcance y la pertinencia del programa de impulso al campo que promueve el Gobierno del Estado, con un enfoque directo en beneficiar a quienes m\u00e1s lo necesitan en las comunidades rurales, asegurando as\u00ed mejores cosechas y mejores condiciones de vida para las familias productoras.<\/p>\n","protected":false},"excerpt":{"rendered":"<p>San Juan del R\u00edo, Dgo.\u2014 Habitantes de diversas comunidades del municipio expresaron su reconocimiento al gobernador Esteban Villegas Villarreal por la entrega de m\u00e1s de 190 toneladas de semilla para siembra, como parte del apoyo integral al campo duranguense. Productores coincidieron en que esta vez el recurso lleg\u00f3 de manera oportuna, lo que les permitir\u00e1 [&hellip;]<\/p>\n","protected":false},"author":1,"featured_media":22347,"comment_status":"open","ping_status":"open","sticky":false,"template":"","format":"standard","meta":{"_monsterinsights_skip_tracking":false,"_monsterinsights_sitenote_active":false,"_monsterinsights_sitenote_note":"","_monsterinsights_sitenote_category":0,"footnotes":""},"categories":[1],"tags":[],"_links":{"self":[{"href":"https:\/\/zonalimitrofe-cbnr.com\/index.php\/wp-json\/wp\/v2\/posts\/22346"}],"collection":[{"href":"https:\/\/zonalimitrofe-cbnr.com\/index.php\/wp-json\/wp\/v2\/posts"}],"about":[{"href":"https:\/\/zonalimitrofe-cbnr.com\/index.php\/wp-json\/wp\/v2\/types\/post"}],"author":[{"embeddable":true,"href":"https:\/\/zonalimitrofe-cbnr.com\/index.php\/wp-json\/wp\/v2\/users\/1"}],"replies":[{"embeddable":true,"href":"https:\/\/zonalimitrofe-cbnr.com\/index.php\/wp-json\/wp\/v2\/comments?post=22346"}],"version-history":[{"count":1,"href":"https:\/\/zonalimitrofe-cbnr.com\/index.php\/wp-json\/wp\/v2\/posts\/22346\/revisions"}],"predecessor-version":[{"id":22348,"href":"https:\/\/zonalimitrofe-cbnr.com\/index.php\/wp-json\/wp\/v2\/posts\/22346\/revisions\/22348"}],"wp:featuredmedia":[{"embeddable":true,"href":"https:\/\/zonalimitrofe-cbnr.com\/index.php\/wp-json\/wp\/v2\/media\/22347"}],"wp:attachment":[{"href":"https:\/\/zonalimitrofe-cbnr.com\/index.php\/wp-json\/wp\/v2\/media?parent=22346"}],"wp:term":[{"taxonomy":"category","embeddable":true,"href":"https:\/\/zonalimitrofe-cbnr.com\/index.php\/wp-json\/wp\/v2\/categories?post=22346"},{"taxonomy":"post_tag","embeddable":true,"href":"https:\/\/zonalimitrofe-cbnr.com\/index.php\/wp-json\/wp\/v2\/tags?post=22346"}],"curies":[{"name":"wp","href":"https:\/\/api.w.org\/{rel}","templated":true}]}}