{"id":22337,"date":"2025-07-05T17:20:25","date_gmt":"2025-07-05T23:20:25","guid":{"rendered":"https:\/\/zonalimitrofe-cbnr.com\/?p=22337"},"modified":"2025-07-05T17:20:26","modified_gmt":"2025-07-05T23:20:26","slug":"durango-el-bebeleche-transforma-la-vida-de-jovenes-impulsa-su-desarrollo-personal-y-les-abre-camino-al-futuro","status":"publish","type":"post","link":"https:\/\/zonalimitrofe-cbnr.com\/index.php\/2025\/07\/05\/durango-el-bebeleche-transforma-la-vida-de-jovenes-impulsa-su-desarrollo-personal-y-les-abre-camino-al-futuro\/","title":{"rendered":"#Durango. El Bebeleche transforma la vida de j\u00f3venes, impulsa su desarrollo personal y les abre camino al futuro*"},"content":{"rendered":"\n<ul>\n<li><em>Esteban Villegas y Marisol Rosso impulsa esta iniciativa que fortalece el desarrollo acad\u00e9mico y vocacional.<\/em><\/li>\n\n\n\n<li><em>Padres y madres reconocen el impacto emocional y social en la vida de sus hijos gracias al programa del Museo.<\/em><\/li>\n<\/ul>\n\n\n\n<p>Para muchos adolescentes duranguenses, el Museo Bebeleche no ha sido solo un lugar para prestar su servicio social, sino un refugio, un espacio de descubrimiento personal y una ventana hacia el futuro. As\u00ed lo comparten j\u00f3venes y padres de familia que vivieron de cerca esta experiencia, agradeciendo al gobernador Esteban Villegas, a su esposa Marisol Rosso, presidenta del DIF Estatal, y al Director Alfredo Andrade Gallegos por permitir que tantos corazones j\u00f3venes florezcan.<\/p>\n\n\n\n<p>\u201cAntes no sab\u00eda bien qu\u00e9 quer\u00eda estudiar; ahora quiero ser abogada\u201d, cont\u00f3 Abigail Ramos, quien se integr\u00f3 como gu\u00eda educativa tras una visita a su escuela. \u201cEsta beca no solo me ayud\u00f3 a moverme y a comer, me cambi\u00f3. Aqu\u00ed aprend\u00ed a trabajar en equipo, a sembrar una semilla en cada ni\u00f1o. Me he dado cuenta que tengo habilidades para liderar, y eso me llena de vida\u201d, expres\u00f3 con gratitud.<\/p>\n\n\n\n<p>Diego Iv\u00e1n Rosales, estudiante del CBTIS 130, enfrentaba depresi\u00f3n antes de llegar al museo. \u201cMe levantaba sin ganas\u2026 y esto me ayud\u00f3. Aqu\u00ed me distraje, me relacion\u00e9 con ni\u00f1os y compa\u00f1eros, descubr\u00ed la paciencia. Ahora soy alguien m\u00e1s alegre, m\u00e1s fuerte\u201d, confes\u00f3 emocionado. Record\u00f3 especialmente el D\u00eda del Ni\u00f1o, cuando atendieron a m\u00e1s de mil personas: \u201cFue agotador, pero tambi\u00e9n inolvidable\u201d.<\/p>\n\n\n\n<p>Desde casa, las familias han sido testigos del cambio. \u201cMi hija no sal\u00eda del cuarto despu\u00e9s de la pandemia, era t\u00edmida, callada\u2026 y el Bebeleche la transform\u00f3\u201d, comparti\u00f3 Miriam Ferrales, mam\u00e1 de Luisa Georgina. \u201cHoy se expresa, tiene amigos, participa en eventos. Como madre, no tengo palabras para agradecer lo que hicieron por ella\u201d.<\/p>\n\n\n\n<p>Yazm\u00edn Caldera, madre de Valeria, tambi\u00e9n not\u00f3 un giro en su hija: \u201cPas\u00f3 de ser seria a ser creativa, emp\u00e1tica. En el museo se atrevi\u00f3 a bailar, a hablar en p\u00fablico. Ya no quiere ser nutri\u00f3loga, quiere ser maestra. Aqu\u00ed encontr\u00f3 su vocaci\u00f3n y fortaleci\u00f3 su autoestima\u201d, relat\u00f3. \u201cLo que pasa en el Bebeleche es extraordinario. Les abre el panorama a nuestros hijos\u201d.<\/p>\n\n\n\n<p>Luis Pineda, padre de dos j\u00f3venes gu\u00edas, destac\u00f3 que sus hijos aprendieron a hablar con claridad, a relacionarse con ni\u00f1os y adultos. \u201cEste museo es m\u00e1s que juegos, es una escuela de vida. Mi hija fue coordinadora de gu\u00edas, y mi hijo dej\u00f3 de ser tan serio. Hoy, son j\u00f3venes seguros de s\u00ed mismos, con valores\u201d, dijo convencido.<\/p>\n\n\n\n<p>Para Ana Robles, mam\u00e1 de Diego Iv\u00e1n, la transformaci\u00f3n fue radical. \u201cMi hijo ven\u00eda triste tras la pandemia, y en el Bebeleche volvi\u00f3 a florecer. Se encontr\u00f3 a s\u00ed mismo, hizo amigos, recuper\u00f3 la confianza. Como mam\u00e1, no hay mayor alegr\u00eda que ver a tu hijo sonre\u00edr de nuevo\u201d, afirm\u00f3 conmovida. \u201cGracias al gobernador, a Marisol y al director del museo por abrirles este camino\u201d.<\/p>\n\n\n\n<p>Al cierre del programa, las familias coincidieron: el Bebeleche no solo forma gu\u00edas, forma ciudadanos. \u201cEs una inversi\u00f3n en nuestros hijos, en su estabilidad emocional y en su futuro\u201d, dijo Eleazar Ramos. \u201cAqu\u00ed no solo aprenden a hablar o a explicar una sala. Aprenden a ser humanos, a so\u00f1ar, a confiar. Y eso, no se olvida nunca\u201d.<\/p>\n","protected":false},"excerpt":{"rendered":"<p>Para muchos adolescentes duranguenses, el Museo Bebeleche no ha sido solo un lugar para prestar su servicio social, sino un refugio, un espacio de descubrimiento personal y una ventana hacia el futuro. As\u00ed lo comparten j\u00f3venes y padres de familia que vivieron de cerca esta experiencia, agradeciendo al gobernador Esteban Villegas, a su esposa Marisol [&hellip;]<\/p>\n","protected":false},"author":1,"featured_media":22338,"comment_status":"open","ping_status":"open","sticky":false,"template":"","format":"standard","meta":{"_monsterinsights_skip_tracking":false,"_monsterinsights_sitenote_active":false,"_monsterinsights_sitenote_note":"","_monsterinsights_sitenote_category":0,"footnotes":""},"categories":[1],"tags":[],"_links":{"self":[{"href":"https:\/\/zonalimitrofe-cbnr.com\/index.php\/wp-json\/wp\/v2\/posts\/22337"}],"collection":[{"href":"https:\/\/zonalimitrofe-cbnr.com\/index.php\/wp-json\/wp\/v2\/posts"}],"about":[{"href":"https:\/\/zonalimitrofe-cbnr.com\/index.php\/wp-json\/wp\/v2\/types\/post"}],"author":[{"embeddable":true,"href":"https:\/\/zonalimitrofe-cbnr.com\/index.php\/wp-json\/wp\/v2\/users\/1"}],"replies":[{"embeddable":true,"href":"https:\/\/zonalimitrofe-cbnr.com\/index.php\/wp-json\/wp\/v2\/comments?post=22337"}],"version-history":[{"count":1,"href":"https:\/\/zonalimitrofe-cbnr.com\/index.php\/wp-json\/wp\/v2\/posts\/22337\/revisions"}],"predecessor-version":[{"id":22339,"href":"https:\/\/zonalimitrofe-cbnr.com\/index.php\/wp-json\/wp\/v2\/posts\/22337\/revisions\/22339"}],"wp:featuredmedia":[{"embeddable":true,"href":"https:\/\/zonalimitrofe-cbnr.com\/index.php\/wp-json\/wp\/v2\/media\/22338"}],"wp:attachment":[{"href":"https:\/\/zonalimitrofe-cbnr.com\/index.php\/wp-json\/wp\/v2\/media?parent=22337"}],"wp:term":[{"taxonomy":"category","embeddable":true,"href":"https:\/\/zonalimitrofe-cbnr.com\/index.php\/wp-json\/wp\/v2\/categories?post=22337"},{"taxonomy":"post_tag","embeddable":true,"href":"https:\/\/zonalimitrofe-cbnr.com\/index.php\/wp-json\/wp\/v2\/tags?post=22337"}],"curies":[{"name":"wp","href":"https:\/\/api.w.org\/{rel}","templated":true}]}}