{"id":22334,"date":"2025-07-05T17:14:30","date_gmt":"2025-07-05T23:14:30","guid":{"rendered":"https:\/\/zonalimitrofe-cbnr.com\/?p=22334"},"modified":"2025-07-05T17:14:30","modified_gmt":"2025-07-05T23:14:30","slug":"gp-refuerzan-campana-de-salud-visual-en-gomez-palacio-para-beneficiar-a-sectores-vulnerables","status":"publish","type":"post","link":"https:\/\/zonalimitrofe-cbnr.com\/index.php\/2025\/07\/05\/gp-refuerzan-campana-de-salud-visual-en-gomez-palacio-para-beneficiar-a-sectores-vulnerables\/","title":{"rendered":"#GP. Refuerzan campa\u00f1a de salud visual en G\u00f3mez Palacio para beneficiar a sectores vulnerables*"},"content":{"rendered":"\n<p>Con el objetivo de brindar atenci\u00f3n a los sectores m\u00e1s vulnerables de la poblaci\u00f3n, el Ayuntamiento de G\u00f3mez Palacio, a trav\u00e9s de la Direcci\u00f3n de Bienestar Social, inici\u00f3 el mes de julio reforzando las actividades de la campa\u00f1a de salud visual en diversos Centros Comunitarios del municipio.<\/p>\n\n\n\n<p>Benito Carriedo Mu\u00f1iz, titular de la dependencia, destac\u00f3 que esta campa\u00f1a contempla la entrega de anteojos a bajo costo, subsidiados, as\u00ed como la atenci\u00f3n de casos con deficiencias visuales m\u00e1s severas. En situaciones que requieran tratamientos especializados o cirug\u00edas, se realizan gestiones con instituciones de salud para garantizar que los beneficiarios reciban la atenci\u00f3n correspondiente.<\/p>\n\n\n\n<p>Durante los primeros d\u00edas de julio, la campa\u00f1a se llev\u00f3 a cabo en el Centro Comunitario C+50, as\u00ed como en los centros comunitarios Javier Mina, Felipe \u00c1ngeles y Nuevo G\u00f3mez, donde un n\u00famero importante de gomezpalatinos recibi\u00f3 atenci\u00f3n y diagn\u00f3stico visual.<\/p>\n\n\n\n<p>\u201cEl objetivo es ofrecer consultas gratuitas y detectar oportunamente problemas visuales. Por instrucciones de la Presidenta Municipal Leticia Herrera Ale, a quienes requieran lentes se les otorgar\u00e1n a un costo accesible, facilitando as\u00ed el acceso al cuidado visual, especialmente a quienes cuentan con recursos limitados\u201d, se\u00f1al\u00f3 Carriedo Mu\u00f1iz.<\/p>\n\n\n\n<p>Indic\u00f3 que esta campa\u00f1a est\u00e1 dirigida a toda la poblaci\u00f3n que presente dificultades visuales, sin importar su edad, con un llamado especial a adultos mayores y ni\u00f1as y ni\u00f1os en edad escolar, quienes suelen ser los m\u00e1s afectados por problemas visuales no detectados.<\/p>\n\n\n\n<p>Para mayores informes y conocer la calendarizaci\u00f3n de la campa\u00f1a en los distintos centros comunitarios, los interesados pueden comunicarse a la Direcci\u00f3n de Bienestar Social al tel\u00e9fono 871 175 10 00.<\/p>\n","protected":false},"excerpt":{"rendered":"<p>Con el objetivo de brindar atenci\u00f3n a los sectores m\u00e1s vulnerables de la poblaci\u00f3n, el Ayuntamiento de G\u00f3mez Palacio, a trav\u00e9s de la Direcci\u00f3n de Bienestar Social, inici\u00f3 el mes de julio reforzando las actividades de la campa\u00f1a de salud visual en diversos Centros Comunitarios del municipio. Benito Carriedo Mu\u00f1iz, titular de la dependencia, destac\u00f3 [&hellip;]<\/p>\n","protected":false},"author":1,"featured_media":22335,"comment_status":"open","ping_status":"open","sticky":false,"template":"","format":"standard","meta":{"_monsterinsights_skip_tracking":false,"_monsterinsights_sitenote_active":false,"_monsterinsights_sitenote_note":"","_monsterinsights_sitenote_category":0,"footnotes":""},"categories":[1],"tags":[],"_links":{"self":[{"href":"https:\/\/zonalimitrofe-cbnr.com\/index.php\/wp-json\/wp\/v2\/posts\/22334"}],"collection":[{"href":"https:\/\/zonalimitrofe-cbnr.com\/index.php\/wp-json\/wp\/v2\/posts"}],"about":[{"href":"https:\/\/zonalimitrofe-cbnr.com\/index.php\/wp-json\/wp\/v2\/types\/post"}],"author":[{"embeddable":true,"href":"https:\/\/zonalimitrofe-cbnr.com\/index.php\/wp-json\/wp\/v2\/users\/1"}],"replies":[{"embeddable":true,"href":"https:\/\/zonalimitrofe-cbnr.com\/index.php\/wp-json\/wp\/v2\/comments?post=22334"}],"version-history":[{"count":1,"href":"https:\/\/zonalimitrofe-cbnr.com\/index.php\/wp-json\/wp\/v2\/posts\/22334\/revisions"}],"predecessor-version":[{"id":22336,"href":"https:\/\/zonalimitrofe-cbnr.com\/index.php\/wp-json\/wp\/v2\/posts\/22334\/revisions\/22336"}],"wp:featuredmedia":[{"embeddable":true,"href":"https:\/\/zonalimitrofe-cbnr.com\/index.php\/wp-json\/wp\/v2\/media\/22335"}],"wp:attachment":[{"href":"https:\/\/zonalimitrofe-cbnr.com\/index.php\/wp-json\/wp\/v2\/media?parent=22334"}],"wp:term":[{"taxonomy":"category","embeddable":true,"href":"https:\/\/zonalimitrofe-cbnr.com\/index.php\/wp-json\/wp\/v2\/categories?post=22334"},{"taxonomy":"post_tag","embeddable":true,"href":"https:\/\/zonalimitrofe-cbnr.com\/index.php\/wp-json\/wp\/v2\/tags?post=22334"}],"curies":[{"name":"wp","href":"https:\/\/api.w.org\/{rel}","templated":true}]}}