{"id":22311,"date":"2025-07-05T16:43:21","date_gmt":"2025-07-05T22:43:21","guid":{"rendered":"https:\/\/zonalimitrofe-cbnr.com\/?p=22311"},"modified":"2025-07-05T16:43:56","modified_gmt":"2025-07-05T22:43:56","slug":"lerdo-cumplio-su-palabra-familias-de-lerdo-reconocen-a-esteban-por-entregar-centros-comunitarios-areas-deportivas-y-espacios-de-servicios","status":"publish","type":"post","link":"https:\/\/zonalimitrofe-cbnr.com\/index.php\/2025\/07\/05\/lerdo-cumplio-su-palabra-familias-de-lerdo-reconocen-a-esteban-por-entregar-centros-comunitarios-areas-deportivas-y-espacios-de-servicios\/","title":{"rendered":"#Durango. \u201dCumpli\u00f3 su palabra\u201d: familias de Lerdo reconocen a Esteban por entregar Centros Comunitarios, \u00e1reas deportivas y espacios de servicios*"},"content":{"rendered":"\n<ul>\n<li><em>Nuevos espacios fomentan convivencia, deporte y facilitan tr\u00e1mites para vecinos de diferentes comunidades.<\/em><\/li>\n\n\n\n<li><em>Obras responden a peticiones de a\u00f1os y fortalecen el tejido social en La Loma, Juan E. Garc\u00eda y la cabecera municipal.<\/em><\/li>\n<\/ul>\n\n\n\n<p>Lerdo, Dgo.- Con el compromiso de transformar las comunidades y llevar obra \u00fatil a quienes m\u00e1s lo necesitan, el gobernador Esteban Villegas entreg\u00f3 dos Centros Comunitarios en Lerdo, Villa La Loma y Villa Juan E. Garc\u00eda, adem\u00e1s de inaugurar las oficinas de la Junta Municipal de La Loma y un domo con canchas de usos m\u00faltiples. Estos nuevos espacios son modernos, seguros, funcionales, y permitir\u00e1n a ni\u00f1os, j\u00f3venes y adultos convivir, hacer ejercicio y participar en actividades culturales y recreativas.<\/p>\n\n\n\n<p>Habitantes de estas comunidades coincidieron en que las obras, realizadas en conjunto por el Gobierno del Estado y la presidencia municipal que encabeza Homero Mart\u00ednez Cabrera, mejoran su calidad de vida y cumplen un compromiso esperado.<\/p>\n\n\n\n<p>La se\u00f1ora Luz Mar\u00eda M\u00e9ndez, vecina de La Loma, se\u00f1al\u00f3 que ahora cuentan con un espacio amplio, bonito y bien construido para toda la comunidad. \u201cEstamos muy agradecidos con el Gobernador y el Presidente Municipal por cumplir su palabra\u201d, expres\u00f3.<\/p>\n\n\n\n<p>Por su parte, el profesor Israel Silva destac\u00f3 que las instalaciones \u201cest\u00e1n modernas, bien construidas y pensadas para los ni\u00f1os, que son quienes m\u00e1s lo van a disfrutar\u201d, mientras que Heriberto Aranza Villegas, colaborador del Centro Comunitario, record\u00f3 que antes no hab\u00eda domo y el espacio era muy reducido. \u201cHoy es otra cosa. Esto s\u00ed es apoyo real\u201d, dijo.<\/p>\n\n\n\n<p>\u201cEstas obras las pedimos por a\u00f1os y hoy por fin son una realidad. Gracias por acordarse de las villas y cumplir el compromiso\u201d, agreg\u00f3 don Juan Jos\u00e9 Uribe, al reconocer el impacto directo de esta infraestructura en la vida diaria de la comunidad.<\/p>\n\n\n\n<p>Con acciones como esta, el Gobierno de Esteban Villegas contin\u00faa acercando servicios, espacios de encuentro y oportunidades de desarrollo a cada rinc\u00f3n de Durango.<\/p>\n","protected":false},"excerpt":{"rendered":"<p>Lerdo, Dgo.- Con el compromiso de transformar las comunidades y llevar obra \u00fatil a quienes m\u00e1s lo necesitan, el gobernador Esteban Villegas entreg\u00f3 dos Centros Comunitarios en Lerdo, Villa La Loma y Villa Juan E. Garc\u00eda, adem\u00e1s de inaugurar las oficinas de la Junta Municipal de La Loma y un domo con canchas de usos [&hellip;]<\/p>\n","protected":false},"author":1,"featured_media":22312,"comment_status":"open","ping_status":"open","sticky":false,"template":"","format":"standard","meta":{"_monsterinsights_skip_tracking":false,"_monsterinsights_sitenote_active":false,"_monsterinsights_sitenote_note":"","_monsterinsights_sitenote_category":0,"footnotes":""},"categories":[1],"tags":[],"_links":{"self":[{"href":"https:\/\/zonalimitrofe-cbnr.com\/index.php\/wp-json\/wp\/v2\/posts\/22311"}],"collection":[{"href":"https:\/\/zonalimitrofe-cbnr.com\/index.php\/wp-json\/wp\/v2\/posts"}],"about":[{"href":"https:\/\/zonalimitrofe-cbnr.com\/index.php\/wp-json\/wp\/v2\/types\/post"}],"author":[{"embeddable":true,"href":"https:\/\/zonalimitrofe-cbnr.com\/index.php\/wp-json\/wp\/v2\/users\/1"}],"replies":[{"embeddable":true,"href":"https:\/\/zonalimitrofe-cbnr.com\/index.php\/wp-json\/wp\/v2\/comments?post=22311"}],"version-history":[{"count":2,"href":"https:\/\/zonalimitrofe-cbnr.com\/index.php\/wp-json\/wp\/v2\/posts\/22311\/revisions"}],"predecessor-version":[{"id":22314,"href":"https:\/\/zonalimitrofe-cbnr.com\/index.php\/wp-json\/wp\/v2\/posts\/22311\/revisions\/22314"}],"wp:featuredmedia":[{"embeddable":true,"href":"https:\/\/zonalimitrofe-cbnr.com\/index.php\/wp-json\/wp\/v2\/media\/22312"}],"wp:attachment":[{"href":"https:\/\/zonalimitrofe-cbnr.com\/index.php\/wp-json\/wp\/v2\/media?parent=22311"}],"wp:term":[{"taxonomy":"category","embeddable":true,"href":"https:\/\/zonalimitrofe-cbnr.com\/index.php\/wp-json\/wp\/v2\/categories?post=22311"},{"taxonomy":"post_tag","embeddable":true,"href":"https:\/\/zonalimitrofe-cbnr.com\/index.php\/wp-json\/wp\/v2\/tags?post=22311"}],"curies":[{"name":"wp","href":"https:\/\/api.w.org\/{rel}","templated":true}]}}