{"id":22302,"date":"2025-07-05T16:32:27","date_gmt":"2025-07-05T22:32:27","guid":{"rendered":"https:\/\/zonalimitrofe-cbnr.com\/?p=22302"},"modified":"2025-07-05T16:32:59","modified_gmt":"2025-07-05T22:32:59","slug":"torreon-presentaran-libro-sobre-el-cine-en-tiempos-de-la-revolucion-mexicana","status":"publish","type":"post","link":"https:\/\/zonalimitrofe-cbnr.com\/index.php\/2025\/07\/05\/torreon-presentaran-libro-sobre-el-cine-en-tiempos-de-la-revolucion-mexicana\/","title":{"rendered":"#Torre\u00f3n. Presentar\u00e1n libro sobre el cine en tiempos de la Revoluci\u00f3n Mexicana"},"content":{"rendered":"\n<p>Torre\u00f3n, Coahuila a 05 de julio del 2025<\/p>\n\n\n\n<p>El Archivo Municipal invita a la presentaci\u00f3n conmemorativa (XV Aniversario) del libro La luz y la guerra, el cine de la Revoluci\u00f3n Mexicana, coescrito por Fernando Fabio S\u00e1nchez y Gerardo Garc\u00eda Mu\u00f1oz, el pr\u00f3ximo mi\u00e9rcoles 9 de julio a las 19:00 horas, en el recinto hist\u00f3rico de la ciudad ubicado en calle Acu\u00f1a 140 sur, colonia Centro.<\/p>\n\n\n\n<p>Los comentarios estar\u00e1n a cargo de Jaime Mu\u00f1oz Vargas y los autores.<\/p>\n\n\n\n<p>Cinthia Gaspar Montero, directora de la dependencia, explic\u00f3 que se trata de un estudio sobre la inclusi\u00f3n dentro del arte cinematogr\u00e1fico, de la Revoluci\u00f3n Mexicana desde su surgimiento a principios del siglo XX, hasta el cumplimiento de su centenario.<\/p>\n\n\n\n<p>El libro est\u00e1 sustentado por textos de acad\u00e9micos residentes en M\u00e9xico, Canad\u00e1 y Estados Unidos, as\u00ed como del director de cine Felipe Cazals. El corpus cinematogr\u00e1fico se desglosa como una serie de encuentros y desencuentros entre el Estado, los grupos intelectuales y la Revoluci\u00f3n misma.<\/p>\n\n\n\n<p>El libro analiza tres ejes: La idea de la Revoluci\u00f3n mexicana, el proceso de construcci\u00f3n del M\u00e9xico moderno y la presencia del r\u00e9gimen posrevolucionario, y est\u00e1 dividido en 11 cap\u00edtulos que van desde el an\u00e1lisis del documental de Pancho Villa y la revisi\u00f3n de la figura de las adelitas y las soldaderas, hasta los filmes censurados de la Revoluci\u00f3n e incluye filmograf\u00eda ilustrativa.<\/p>\n\n\n\n<p>Toma como objeto de an\u00e1lisis los filmes que representan, hist\u00f3rica o est\u00e9ticamente, las avanzadas militares de la d\u00e9cada de 1910 y el concepto mayor que aglutin\u00f3 a \u00e9stas y que se identific\u00f3 como \u201cLa Revoluci\u00f3n Mexicana\u201d.<\/p>\n\n\n\n<p>El investigador Fernando Fabio S\u00e1nchez escribe en la introducci\u00f3n del libro que \u201cel cine de la Revoluci\u00f3n, a diferencia de lo que se piensa del muralismo y de gran parte de las novelas de la Revoluci\u00f3n, no siempre estuvo alineado con la propuesta simb\u00f3lica del Estado y el grupo de intelectuales org\u00e1nicos. Los autores del libro parten de la idea de que la Revoluci\u00f3n es formada mediante una acumulaci\u00f3n de fragmentos, dicotom\u00edas y afirmaciones contradictorias que fueron percibidas como un relato hist\u00f3rico y unificado, y asumen tambi\u00e9n que es<\/p>\n\n\n\n<p>una narrativa cuya validez se ha agotado y de la cual han descre\u00eddo los mexicanos a ra\u00edz de los abusos simb\u00f3licos y materiales del r\u00e9gimen posrevolucionario.<\/p>\n","protected":false},"excerpt":{"rendered":"<p>Torre\u00f3n, Coahuila a 05 de julio del 2025 El Archivo Municipal invita a la presentaci\u00f3n conmemorativa (XV Aniversario) del libro La luz y la guerra, el cine de la Revoluci\u00f3n Mexicana, coescrito por Fernando Fabio S\u00e1nchez y Gerardo Garc\u00eda Mu\u00f1oz, el pr\u00f3ximo mi\u00e9rcoles 9 de julio a las 19:00 horas, en el recinto hist\u00f3rico de [&hellip;]<\/p>\n","protected":false},"author":1,"featured_media":22304,"comment_status":"open","ping_status":"open","sticky":false,"template":"","format":"standard","meta":{"_monsterinsights_skip_tracking":false,"_monsterinsights_sitenote_active":false,"_monsterinsights_sitenote_note":"","_monsterinsights_sitenote_category":0,"footnotes":""},"categories":[1],"tags":[],"_links":{"self":[{"href":"https:\/\/zonalimitrofe-cbnr.com\/index.php\/wp-json\/wp\/v2\/posts\/22302"}],"collection":[{"href":"https:\/\/zonalimitrofe-cbnr.com\/index.php\/wp-json\/wp\/v2\/posts"}],"about":[{"href":"https:\/\/zonalimitrofe-cbnr.com\/index.php\/wp-json\/wp\/v2\/types\/post"}],"author":[{"embeddable":true,"href":"https:\/\/zonalimitrofe-cbnr.com\/index.php\/wp-json\/wp\/v2\/users\/1"}],"replies":[{"embeddable":true,"href":"https:\/\/zonalimitrofe-cbnr.com\/index.php\/wp-json\/wp\/v2\/comments?post=22302"}],"version-history":[{"count":1,"href":"https:\/\/zonalimitrofe-cbnr.com\/index.php\/wp-json\/wp\/v2\/posts\/22302\/revisions"}],"predecessor-version":[{"id":22303,"href":"https:\/\/zonalimitrofe-cbnr.com\/index.php\/wp-json\/wp\/v2\/posts\/22302\/revisions\/22303"}],"wp:featuredmedia":[{"embeddable":true,"href":"https:\/\/zonalimitrofe-cbnr.com\/index.php\/wp-json\/wp\/v2\/media\/22304"}],"wp:attachment":[{"href":"https:\/\/zonalimitrofe-cbnr.com\/index.php\/wp-json\/wp\/v2\/media?parent=22302"}],"wp:term":[{"taxonomy":"category","embeddable":true,"href":"https:\/\/zonalimitrofe-cbnr.com\/index.php\/wp-json\/wp\/v2\/categories?post=22302"},{"taxonomy":"post_tag","embeddable":true,"href":"https:\/\/zonalimitrofe-cbnr.com\/index.php\/wp-json\/wp\/v2\/tags?post=22302"}],"curies":[{"name":"wp","href":"https:\/\/api.w.org\/{rel}","templated":true}]}}