{"id":22281,"date":"2025-07-04T16:34:41","date_gmt":"2025-07-04T22:34:41","guid":{"rendered":"https:\/\/zonalimitrofe-cbnr.com\/?p=22281"},"modified":"2025-07-04T16:34:41","modified_gmt":"2025-07-04T22:34:41","slug":"lerdo-destaca-desarrollo-rural-entrega-oportuna-de-semilla-de-avena","status":"publish","type":"post","link":"https:\/\/zonalimitrofe-cbnr.com\/index.php\/2025\/07\/04\/lerdo-destaca-desarrollo-rural-entrega-oportuna-de-semilla-de-avena\/","title":{"rendered":"#Lerdo. DESTACA DESARROLLO RURAL ENTREGA OPORTUNA DE SEMILLA DE AVENA*"},"content":{"rendered":"\n<p>Lerdo, 04 de julio 2025.- El director de Desarrollo Rural en Lerdo, Lorenzo Ponce D\u00edaz, resalt\u00f3 la entrega puntual de 40 toneladas de semilla de avena a productores del municipio, acci\u00f3n encabezada por el Gobernador del Estado, Esteban Villegas Villarreal, y el Presidente Municipal, Homero Mart\u00ednez Cabrera, como parte de una estrategia de apoyo al campo local.<\/p>\n\n\n\n<p>El funcionario destac\u00f3 que dicha entrega, realizada el pasado lunes, fue clave para aprovechar de inmediato las lluvias presentes en la regi\u00f3n, pues desde ese mismo d\u00eda se comenzaron a sembrar las semillas en las distintas hect\u00e1reas de cultivo del municipio.<\/p>\n\n\n\n<p>Ponce D\u00edaz subray\u00f3 que este tipo de acciones coordinadas permiten fortalecer al sector rural en Lerdo, ya que los tiempos de siembra se alinearon con las condiciones clim\u00e1ticas favorables, lo que podr\u00eda traducirse en una mejor producci\u00f3n.<\/p>\n\n\n\n<p>Finalmente, record\u00f3 que la gira de trabajo realizada por el Gobernador y el Alcalde tuvo como objetivo cumplir con la entrega de programas de apoyo con mezcla de recursos estatales y municipales, en beneficio directo de los agricultores lerdenses.<\/p>\n","protected":false},"excerpt":{"rendered":"<p>Lerdo, 04 de julio 2025.- El director de Desarrollo Rural en Lerdo, Lorenzo Ponce D\u00edaz, resalt\u00f3 la entrega puntual de 40 toneladas de semilla de avena a productores del municipio, acci\u00f3n encabezada por el Gobernador del Estado, Esteban Villegas Villarreal, y el Presidente Municipal, Homero Mart\u00ednez Cabrera, como parte de una estrategia de apoyo al [&hellip;]<\/p>\n","protected":false},"author":1,"featured_media":22282,"comment_status":"open","ping_status":"open","sticky":false,"template":"","format":"standard","meta":{"_monsterinsights_skip_tracking":false,"_monsterinsights_sitenote_active":false,"_monsterinsights_sitenote_note":"","_monsterinsights_sitenote_category":0,"footnotes":""},"categories":[1],"tags":[],"_links":{"self":[{"href":"https:\/\/zonalimitrofe-cbnr.com\/index.php\/wp-json\/wp\/v2\/posts\/22281"}],"collection":[{"href":"https:\/\/zonalimitrofe-cbnr.com\/index.php\/wp-json\/wp\/v2\/posts"}],"about":[{"href":"https:\/\/zonalimitrofe-cbnr.com\/index.php\/wp-json\/wp\/v2\/types\/post"}],"author":[{"embeddable":true,"href":"https:\/\/zonalimitrofe-cbnr.com\/index.php\/wp-json\/wp\/v2\/users\/1"}],"replies":[{"embeddable":true,"href":"https:\/\/zonalimitrofe-cbnr.com\/index.php\/wp-json\/wp\/v2\/comments?post=22281"}],"version-history":[{"count":1,"href":"https:\/\/zonalimitrofe-cbnr.com\/index.php\/wp-json\/wp\/v2\/posts\/22281\/revisions"}],"predecessor-version":[{"id":22283,"href":"https:\/\/zonalimitrofe-cbnr.com\/index.php\/wp-json\/wp\/v2\/posts\/22281\/revisions\/22283"}],"wp:featuredmedia":[{"embeddable":true,"href":"https:\/\/zonalimitrofe-cbnr.com\/index.php\/wp-json\/wp\/v2\/media\/22282"}],"wp:attachment":[{"href":"https:\/\/zonalimitrofe-cbnr.com\/index.php\/wp-json\/wp\/v2\/media?parent=22281"}],"wp:term":[{"taxonomy":"category","embeddable":true,"href":"https:\/\/zonalimitrofe-cbnr.com\/index.php\/wp-json\/wp\/v2\/categories?post=22281"},{"taxonomy":"post_tag","embeddable":true,"href":"https:\/\/zonalimitrofe-cbnr.com\/index.php\/wp-json\/wp\/v2\/tags?post=22281"}],"curies":[{"name":"wp","href":"https:\/\/api.w.org\/{rel}","templated":true}]}}