{"id":22269,"date":"2025-07-04T16:27:08","date_gmt":"2025-07-04T22:27:08","guid":{"rendered":"https:\/\/zonalimitrofe-cbnr.com\/?p=22269"},"modified":"2025-07-04T16:27:09","modified_gmt":"2025-07-04T22:27:09","slug":"gp-sensibiliza-ayuntamiento-de-gomez-palacio-a-comunidad-escolar-sobre-los-riesgos-de-quemar-basura","status":"publish","type":"post","link":"https:\/\/zonalimitrofe-cbnr.com\/index.php\/2025\/07\/04\/gp-sensibiliza-ayuntamiento-de-gomez-palacio-a-comunidad-escolar-sobre-los-riesgos-de-quemar-basura\/","title":{"rendered":"#GP. Sensibiliza Ayuntamiento de G\u00f3mez Palacio a comunidad escolar sobre los riesgos de quemar basura*"},"content":{"rendered":"\n<p>Con el objetivo de fomentar una cultura ambiental responsable y prevenir afectaciones a la salud p\u00fablica, el Ayuntamiento de G\u00f3mez Palacio, a trav\u00e9s de la Direcci\u00f3n de Ecolog\u00eda y Protecci\u00f3n al Ambiente, llev\u00f3 a cabo una jornada de sensibilizaci\u00f3n en la Escuela Primaria Federal Rural \u201cRedenci\u00f3n\u201d, enfocada en concientizar sobre los da\u00f1os que ocasiona la quema de basura.<\/p>\n\n\n\n<p>Gustavo Acosta V\u00e1zquez, titular de la dependencia, inform\u00f3 que estas acciones est\u00e1n dirigidas tanto a estudiantes como a madres y padres de familia, con el prop\u00f3sito de generar conciencia sobre las consecuencias negativas de esta pr\u00e1ctica, tanto en el medioambiente como en la salud respiratoria de la poblaci\u00f3n.<\/p>\n\n\n\n<p>Durante la actividad, inspectores ambientales explicaron el proceso de notificaci\u00f3n a quienes incurren en estas faltas, as\u00ed como las sanciones contempladas por el reglamento municipal.<\/p>\n\n\n\n<p>El titular de la dependencia se\u00f1al\u00f3 que, esta iniciativa forma parte de la estrategia impulsada por la Presidenta Municipal Leticia Herrera Ale, orientada a erradicar conductas que afectan el entorno natural y a fortalecer la educaci\u00f3n ambiental desde edades tempranas. El objetivo es prevenir enfermedades y promover una cultura de responsabilidad comunitaria frente al cambio clim\u00e1tico y la contaminaci\u00f3n.<\/p>\n\n\n\n<p>Finalmente, Acosta V\u00e1zquez exhort\u00f3 a la ciudadan\u00eda a sumarse a este esfuerzo colectivo, denunciando actos que atenten contra el medioambiente y reiter\u00f3 la importancia de involucrar a las nuevas generaciones en la construcci\u00f3n de un G\u00f3mez Palacio m\u00e1s sano, seguro y sostenible.<\/p>\n","protected":false},"excerpt":{"rendered":"<p>Con el objetivo de fomentar una cultura ambiental responsable y prevenir afectaciones a la salud p\u00fablica, el Ayuntamiento de G\u00f3mez Palacio, a trav\u00e9s de la Direcci\u00f3n de Ecolog\u00eda y Protecci\u00f3n al Ambiente, llev\u00f3 a cabo una jornada de sensibilizaci\u00f3n en la Escuela Primaria Federal Rural \u201cRedenci\u00f3n\u201d, enfocada en concientizar sobre los da\u00f1os que ocasiona la [&hellip;]<\/p>\n","protected":false},"author":1,"featured_media":22270,"comment_status":"open","ping_status":"open","sticky":false,"template":"","format":"standard","meta":{"_monsterinsights_skip_tracking":false,"_monsterinsights_sitenote_active":false,"_monsterinsights_sitenote_note":"","_monsterinsights_sitenote_category":0,"footnotes":""},"categories":[1],"tags":[],"_links":{"self":[{"href":"https:\/\/zonalimitrofe-cbnr.com\/index.php\/wp-json\/wp\/v2\/posts\/22269"}],"collection":[{"href":"https:\/\/zonalimitrofe-cbnr.com\/index.php\/wp-json\/wp\/v2\/posts"}],"about":[{"href":"https:\/\/zonalimitrofe-cbnr.com\/index.php\/wp-json\/wp\/v2\/types\/post"}],"author":[{"embeddable":true,"href":"https:\/\/zonalimitrofe-cbnr.com\/index.php\/wp-json\/wp\/v2\/users\/1"}],"replies":[{"embeddable":true,"href":"https:\/\/zonalimitrofe-cbnr.com\/index.php\/wp-json\/wp\/v2\/comments?post=22269"}],"version-history":[{"count":1,"href":"https:\/\/zonalimitrofe-cbnr.com\/index.php\/wp-json\/wp\/v2\/posts\/22269\/revisions"}],"predecessor-version":[{"id":22271,"href":"https:\/\/zonalimitrofe-cbnr.com\/index.php\/wp-json\/wp\/v2\/posts\/22269\/revisions\/22271"}],"wp:featuredmedia":[{"embeddable":true,"href":"https:\/\/zonalimitrofe-cbnr.com\/index.php\/wp-json\/wp\/v2\/media\/22270"}],"wp:attachment":[{"href":"https:\/\/zonalimitrofe-cbnr.com\/index.php\/wp-json\/wp\/v2\/media?parent=22269"}],"wp:term":[{"taxonomy":"category","embeddable":true,"href":"https:\/\/zonalimitrofe-cbnr.com\/index.php\/wp-json\/wp\/v2\/categories?post=22269"},{"taxonomy":"post_tag","embeddable":true,"href":"https:\/\/zonalimitrofe-cbnr.com\/index.php\/wp-json\/wp\/v2\/tags?post=22269"}],"curies":[{"name":"wp","href":"https:\/\/api.w.org\/{rel}","templated":true}]}}