{"id":22266,"date":"2025-07-04T16:23:59","date_gmt":"2025-07-04T22:23:59","guid":{"rendered":"https:\/\/zonalimitrofe-cbnr.com\/?p=22266"},"modified":"2025-07-04T16:23:59","modified_gmt":"2025-07-04T22:23:59","slug":"durango-esteban-fortalece-el-campo-en-san-juan-del-rio-con-190-toneladas-de-semilla-para-mejorar-cosechas-y-apoyar-la-economia-de-las-familias-productoras","status":"publish","type":"post","link":"https:\/\/zonalimitrofe-cbnr.com\/index.php\/2025\/07\/04\/durango-esteban-fortalece-el-campo-en-san-juan-del-rio-con-190-toneladas-de-semilla-para-mejorar-cosechas-y-apoyar-la-economia-de-las-familias-productoras\/","title":{"rendered":"#Durango. Esteban fortalece el campo en San Juan del R\u00edo con 190 toneladas de semilla para mejorar cosechas y apoyar la econom\u00eda de las familias productoras*"},"content":{"rendered":"\n<ul>\n<li><em>La inversi\u00f3n supera los 5.3 mdp y permitir\u00e1 sembrar m\u00e1s de 2 mil 800 hect\u00e1reas en esta temporada de lluvias.<\/em><\/li>\n\n\n\n<li><em>Avanzan tambi\u00e9n obras de agua, apoyos ganaderos y el impulso al talento juvenil del municipio.<\/em><\/li>\n<\/ul>\n\n\n\n<p>San Juan del R\u00edo, Dgo.\u2013 Para que el campo de Durango siga siendo motor de desarrollo y sustento de miles de familias, el gobernador Esteban Villegas Villarreal entreg\u00f3 150 toneladas de semilla de avena y 40 toneladas de frijol a m\u00e1s de 900 productores del municipio, acompa\u00f1ado por el presidente municipal Manuel Gallegos Rangel. Esta inversi\u00f3n de 5.3 millones de pesos permitir\u00e1 aprovechar la temporada de lluvias para sembrar m\u00e1s de 2 mil 800 hect\u00e1reas y asegurar cosechas m\u00e1s productivas, que se traduzcan en ingresos dignos y mayor bienestar en las comunidades rurales.<\/p>\n\n\n\n<p>Durante su mensaje, el gobernador destac\u00f3 que el respaldo al campo es una prioridad en su administraci\u00f3n y reiter\u00f3 su compromiso con San Juan del R\u00edo. \u201cNo me puedo rajar con mi tierra. Vamos a cumplir todos los compromisos, porque San Juan merece lo mejor y va a tener los mejores tres a\u00f1os de su historia\u201d, afirm\u00f3. Detall\u00f3 que la inversi\u00f3n en semilla, superior a los cinco millones de pesos, es muestra del respaldo directo del gobierno estatal. \u201cHoy venimos a entregarles avena y frijol apto, en tiempo y forma, porque queremos que siembren a tiempo y aprovechen bien las lluvias\u201d, expres\u00f3.<\/p>\n\n\n\n<p>Villegas Villarreal refrend\u00f3 su compromiso con San Juan del R\u00edo al asegurar que respaldar\u00e1 cada una de las obras solicitadas por el presidente municipal Manuel Gallegos: \u201cMe mand\u00f3 una lista largu\u00edsima, pero le vamos a entrar al 100 por ciento; la gente vot\u00f3 por \u00e9l y yo no me puedo rajar con San Juan\u201d, afirm\u00f3. A\u00f1adi\u00f3 que entre las acciones destacan proyectos de agua, pavimentaci\u00f3n, parques, pozos agr\u00edcolas y equipamiento fotovoltaico, que se ejecutar\u00e1n en beneficio de todas las comunidades del municipio.<\/p>\n\n\n\n<p>Manuel Gallegos, presidente municipal, reconoci\u00f3 los avances que ha tenido San Juan del R\u00edo durante la administraci\u00f3n de Esteban, al destacar que \u201cdesde que \u00e9l es gobernador se han visto grandes cambios, se nota su respaldo a nuestra gente\u201d. Agradeci\u00f3 gestiones como la entrega de un cami\u00f3n al CBTA, las obras en calles, parques, la velar\u00eda y otras acciones que reflejan resultados reales. \u201cHoy nos est\u00e1 entregando avena y semilla a tiempo, y sabemos que vienen m\u00e1s obras, porque vamos a seguir trabajando de la mano con \u00e9l\u201d, afirm\u00f3. Se\u00f1al\u00f3 tambi\u00e9n que San Juan es tierra de gente trabajadora y que, con el respaldo del gobernador, se esperan m\u00e1s beneficios para las comunidades, como pozos y proyectos que sigan transformando al municipio.<\/p>\n\n\n\n<p>Efr\u00e9n Violante, habitante de la localidad de Charco Hondo, tambi\u00e9n expres\u00f3 su agradecimiento por los apoyos que han llegado al municipio. \u201cGracias por todo lo que hemos recibido los sanjuaneros; aqu\u00ed estamos con nuestro gobernador, siempre\u201d, afirm\u00f3, al reconocer el impacto directo que estas acciones tienen en las familias del medio rural.<\/p>\n\n\n\n<p>Por su parte, Jes\u00fas L\u00f3pez Morales, secretario de Agricultura, Ganader\u00eda y Desarrollo Rural (SAGDR), destac\u00f3 que el impulso al campo ha sido constante. Record\u00f3 que adem\u00e1s de la entrega de semillas, recientemente se distribuyeron 300 toneladas de suplemento alimenticio y contin\u00faan obras como la construcci\u00f3n de bordos de abrevadero, que fortalecen la ganader\u00eda local. Subray\u00f3 que con estos apoyos se busca dar un nuevo impulso a la actividad agropecuaria y mejorar la econom\u00eda de los productores. Asimismo, inform\u00f3 que, a partir del 7 de julio, se reabrir\u00e1 la primera cuarentenaria, lo que permitir\u00e1 que Durango retome la exportaci\u00f3n de ganado, con la intenci\u00f3n de ser uno de los primeros estados autorizados por el gobierno federal, gracias a la gesti\u00f3n del gobernador Esteban Villegas.<\/p>\n\n\n\n<p>Rogelio Soto, dirigente de la Uni\u00f3n Ganadera, reconoci\u00f3 el respaldo que el gobernador ha brindado al sector ganadero a trav\u00e9s de diversas acciones en favor de los productores. Adem\u00e1s, invit\u00f3 a participar en la Subasta Ganadera del DIF Estatal, con el objetivo de sumar esfuerzos, movilizar recursos y respaldar la noble labor que encabeza Marisol Rosso en beneficio de las personas que m\u00e1s lo necesitan.<\/p>\n\n\n\n<p>Finalmente, el gobernador Esteban Villegas reconoci\u00f3 a la atleta Eitzel Valeria Soto por su destacada participaci\u00f3n en competencias nacionales, donde obtuvo medalla de oro en los 80 metros planos y una medalla de bronce. Durante el evento, le reiter\u00f3 su respaldo total para representar a Durango en el Mundial con sede en Senegal, como parte del compromiso de su gobierno con el talento juvenil del estado.<\/p>\n","protected":false},"excerpt":{"rendered":"<p>San Juan del R\u00edo, Dgo.\u2013 Para que el campo de Durango siga siendo motor de desarrollo y sustento de miles de familias, el gobernador Esteban Villegas Villarreal entreg\u00f3 150 toneladas de semilla de avena y 40 toneladas de frijol a m\u00e1s de 900 productores del municipio, acompa\u00f1ado por el presidente municipal Manuel Gallegos Rangel. Esta [&hellip;]<\/p>\n","protected":false},"author":1,"featured_media":22267,"comment_status":"open","ping_status":"open","sticky":false,"template":"","format":"standard","meta":{"_monsterinsights_skip_tracking":false,"_monsterinsights_sitenote_active":false,"_monsterinsights_sitenote_note":"","_monsterinsights_sitenote_category":0,"footnotes":""},"categories":[1],"tags":[],"_links":{"self":[{"href":"https:\/\/zonalimitrofe-cbnr.com\/index.php\/wp-json\/wp\/v2\/posts\/22266"}],"collection":[{"href":"https:\/\/zonalimitrofe-cbnr.com\/index.php\/wp-json\/wp\/v2\/posts"}],"about":[{"href":"https:\/\/zonalimitrofe-cbnr.com\/index.php\/wp-json\/wp\/v2\/types\/post"}],"author":[{"embeddable":true,"href":"https:\/\/zonalimitrofe-cbnr.com\/index.php\/wp-json\/wp\/v2\/users\/1"}],"replies":[{"embeddable":true,"href":"https:\/\/zonalimitrofe-cbnr.com\/index.php\/wp-json\/wp\/v2\/comments?post=22266"}],"version-history":[{"count":1,"href":"https:\/\/zonalimitrofe-cbnr.com\/index.php\/wp-json\/wp\/v2\/posts\/22266\/revisions"}],"predecessor-version":[{"id":22268,"href":"https:\/\/zonalimitrofe-cbnr.com\/index.php\/wp-json\/wp\/v2\/posts\/22266\/revisions\/22268"}],"wp:featuredmedia":[{"embeddable":true,"href":"https:\/\/zonalimitrofe-cbnr.com\/index.php\/wp-json\/wp\/v2\/media\/22267"}],"wp:attachment":[{"href":"https:\/\/zonalimitrofe-cbnr.com\/index.php\/wp-json\/wp\/v2\/media?parent=22266"}],"wp:term":[{"taxonomy":"category","embeddable":true,"href":"https:\/\/zonalimitrofe-cbnr.com\/index.php\/wp-json\/wp\/v2\/categories?post=22266"},{"taxonomy":"post_tag","embeddable":true,"href":"https:\/\/zonalimitrofe-cbnr.com\/index.php\/wp-json\/wp\/v2\/tags?post=22266"}],"curies":[{"name":"wp","href":"https:\/\/api.w.org\/{rel}","templated":true}]}}