{"id":22206,"date":"2025-07-03T17:25:37","date_gmt":"2025-07-03T23:25:37","guid":{"rendered":"https:\/\/zonalimitrofe-cbnr.com\/?p=22206"},"modified":"2025-07-03T17:25:37","modified_gmt":"2025-07-03T23:25:37","slug":"lerdo-sesion-de-cabildo-129","status":"publish","type":"post","link":"https:\/\/zonalimitrofe-cbnr.com\/index.php\/2025\/07\/03\/lerdo-sesion-de-cabildo-129\/","title":{"rendered":"#Lerdo. SESI\u00d3N DE CABILDO 129*"},"content":{"rendered":"\n<p>Lerdo, 03 de julio 2025.- Este jueves se desarroll\u00f3 con normalidad la Sesi\u00f3n Ordinaria de Cabildo Acta N\u00famero 129, en el Lobby del Teatro Hermila Galindo.<\/p>\n\n\n\n<p>Posterior a la aprobaci\u00f3n del orden del d\u00eda, en Asuntos Generales, regidores celebraron las recientes obras entregadas en la zona rural y en la colonia San Fernando.<\/p>\n\n\n\n<p>En su intervenci\u00f3n, el Presidente Municipal Homero Mart\u00ednez Cabrera se\u00f1al\u00f3, que las nuevas instalaciones de la Direcci\u00f3n de Arte y Cultura, en la colonia San Fernando, vendr\u00e1n a rescatar el tejido social en el sector, fomentando entre los j\u00f3venes nuevos h\u00e1bitos y alej\u00e1ndolos de los vicios, gracias a la impartici\u00f3n de talleres y servicios que buscan identificar, desarrollar y mejorar sus habilidades art\u00edsticas, sociales y cognitivas.<\/p>\n\n\n\n<p>\u201cLe he pedido mucho al director del \u00e1rea de Arte y Cultura, H\u00e9ctor Escamilla, que podamos atender las zonas m\u00e1s marginadas que consideramos \u00e1reas de alta prioridad, y que los ni\u00f1os, los j\u00f3venes, vean que pueden mejorar su calidad de vida\u201d<\/p>\n\n\n\n<p>Adem\u00e1s, cumpliendo la palabra, junto al Gobernador Esteban Villegas, se llev\u00f3 a cabo una gira de trabajo, con una inversi\u00f3n de m\u00e1s de 22 millones de pesos, realizando el corte de list\u00f3n de las nuevas Oficinas de SAPAL en Villa Le\u00f3n Guzm\u00e1n, la entrega de un Centro comunitario en la Villa de Juan E. Garc\u00eda, as\u00ed como de la Presidencia para la Junta de Gobierno en Villa La Loma, un centro comunitario y un domo.<\/p>\n\n\n\n<p>En esta \u00faltima villa, el Presidente Municipal Homero Mart\u00ednez Cabrera destac\u00f3 que se le ha cumplido a La Loma; desde la construcci\u00f3n del plantel educativo del CECYTE, la rehabilitaci\u00f3n de los pozos de agua, mejoras de electrificaci\u00f3n, agua potable y drenaje en la zona, domos y canchas de usos m\u00faltiples, aunado a lo que se entreg\u00f3 esta semana.<br>El edil finaliz\u00f3 compartiendo que todas esas obras ser\u00e1n un legado para los habitantes de Lerdo, y respecto a los centros comunitarios, invit\u00f3 a la ciudadan\u00eda para sumarse a las actividades, capacitarse y \u201cque el d\u00eda de ma\u00f1ana se conviertan en centros de emprendedurismo\u201d, comparti\u00f3 Homero Mart\u00ednez.<\/p>\n","protected":false},"excerpt":{"rendered":"<p>Lerdo, 03 de julio 2025.- Este jueves se desarroll\u00f3 con normalidad la Sesi\u00f3n Ordinaria de Cabildo Acta N\u00famero 129, en el Lobby del Teatro Hermila Galindo. Posterior a la aprobaci\u00f3n del orden del d\u00eda, en Asuntos Generales, regidores celebraron las recientes obras entregadas en la zona rural y en la colonia San Fernando. En su [&hellip;]<\/p>\n","protected":false},"author":1,"featured_media":22207,"comment_status":"open","ping_status":"open","sticky":false,"template":"","format":"standard","meta":{"_monsterinsights_skip_tracking":false,"_monsterinsights_sitenote_active":false,"_monsterinsights_sitenote_note":"","_monsterinsights_sitenote_category":0,"footnotes":""},"categories":[1],"tags":[],"_links":{"self":[{"href":"https:\/\/zonalimitrofe-cbnr.com\/index.php\/wp-json\/wp\/v2\/posts\/22206"}],"collection":[{"href":"https:\/\/zonalimitrofe-cbnr.com\/index.php\/wp-json\/wp\/v2\/posts"}],"about":[{"href":"https:\/\/zonalimitrofe-cbnr.com\/index.php\/wp-json\/wp\/v2\/types\/post"}],"author":[{"embeddable":true,"href":"https:\/\/zonalimitrofe-cbnr.com\/index.php\/wp-json\/wp\/v2\/users\/1"}],"replies":[{"embeddable":true,"href":"https:\/\/zonalimitrofe-cbnr.com\/index.php\/wp-json\/wp\/v2\/comments?post=22206"}],"version-history":[{"count":1,"href":"https:\/\/zonalimitrofe-cbnr.com\/index.php\/wp-json\/wp\/v2\/posts\/22206\/revisions"}],"predecessor-version":[{"id":22208,"href":"https:\/\/zonalimitrofe-cbnr.com\/index.php\/wp-json\/wp\/v2\/posts\/22206\/revisions\/22208"}],"wp:featuredmedia":[{"embeddable":true,"href":"https:\/\/zonalimitrofe-cbnr.com\/index.php\/wp-json\/wp\/v2\/media\/22207"}],"wp:attachment":[{"href":"https:\/\/zonalimitrofe-cbnr.com\/index.php\/wp-json\/wp\/v2\/media?parent=22206"}],"wp:term":[{"taxonomy":"category","embeddable":true,"href":"https:\/\/zonalimitrofe-cbnr.com\/index.php\/wp-json\/wp\/v2\/categories?post=22206"},{"taxonomy":"post_tag","embeddable":true,"href":"https:\/\/zonalimitrofe-cbnr.com\/index.php\/wp-json\/wp\/v2\/tags?post=22206"}],"curies":[{"name":"wp","href":"https:\/\/api.w.org\/{rel}","templated":true}]}}