{"id":22203,"date":"2025-07-03T17:23:08","date_gmt":"2025-07-03T23:23:08","guid":{"rendered":"https:\/\/zonalimitrofe-cbnr.com\/?p=22203"},"modified":"2025-07-03T17:23:08","modified_gmt":"2025-07-03T23:23:08","slug":"durango-esteban-invita-a-vivir-la-mejor-expo-ganadera-que-ha-tenido-durango-en-la-feria-nacional-francisco-villa-la-villista-2025","status":"publish","type":"post","link":"https:\/\/zonalimitrofe-cbnr.com\/index.php\/2025\/07\/03\/durango-esteban-invita-a-vivir-la-mejor-expo-ganadera-que-ha-tenido-durango-en-la-feria-nacional-francisco-villa-la-villista-2025\/","title":{"rendered":"#Durango. Esteban invita a vivir la mejor Expo Ganadera que ha tenido Durango, en la Feria Nacional Francisco Villa \u201cLa Villista 2025\u201d*"},"content":{"rendered":"\n<ul>\n<li><em>Se reunir\u00e1 a los mejores exponentes de la gen\u00e9tica ganadera y fortalecer\u00e1 la causa social del DIF.<\/em><\/li>\n\n\n\n<li><em>La tradicional Subasta Ganadera con Causa recaudar\u00e1 fondos para mejorar la vida de ni\u00f1as y ni\u00f1os de la Casa Hogar.<\/em><\/li>\n<\/ul>\n\n\n\n<p>El gobernador Esteban Villegas anunci\u00f3 que la Expo Ganadera de La Feria Nacional Francisco Villa Durango 2025, \u201cLa Villista\u201d, ser\u00e1 la m\u00e1s completa de los \u00faltimos a\u00f1os, con al menos cuatro razas distintas y actividades especiales para los apasionados de la ganader\u00eda, la gen\u00e9tica y el desarrollo del campo<\/p>\n\n\n\n<p>\u201cPara todos los que amamos la ganader\u00eda y la gen\u00e9tica, esta ser\u00e1 una gran oportunidad. Vamos a tener la mejor Expo Ganadera de todas\u201d, destac\u00f3 Esteban.<\/p>\n\n\n\n<p>A la par, se realizar\u00e1 la ya tradicional Subasta Ganadera con Causa, cuyos recursos se destinar\u00e1n al DIF Estatal, particularmente al fortalecimiento de la Casa Hogar, con el objetivo de mejorar la calidad de vida de ni\u00f1as y ni\u00f1os en situaci\u00f3n vulnerable.<\/p>\n\n\n\n<p>\u201cEs momento de venir, disfrutar, participar y tambi\u00e9n de aportar. Cada granito de arena cuenta para transformar la vida de nuestras ni\u00f1as y ni\u00f1os\u201d, finaliz\u00f3 el gobernador, invitando a las familias duranguenses a sumarse al esp\u00edritu villista 2025.<\/p>\n","protected":false},"excerpt":{"rendered":"<p>El gobernador Esteban Villegas anunci\u00f3 que la Expo Ganadera de La Feria Nacional Francisco Villa Durango 2025, \u201cLa Villista\u201d, ser\u00e1 la m\u00e1s completa de los \u00faltimos a\u00f1os, con al menos cuatro razas distintas y actividades especiales para los apasionados de la ganader\u00eda, la gen\u00e9tica y el desarrollo del campo \u201cPara todos los que amamos la [&hellip;]<\/p>\n","protected":false},"author":1,"featured_media":22204,"comment_status":"open","ping_status":"open","sticky":false,"template":"","format":"standard","meta":{"_monsterinsights_skip_tracking":false,"_monsterinsights_sitenote_active":false,"_monsterinsights_sitenote_note":"","_monsterinsights_sitenote_category":0,"footnotes":""},"categories":[1],"tags":[],"_links":{"self":[{"href":"https:\/\/zonalimitrofe-cbnr.com\/index.php\/wp-json\/wp\/v2\/posts\/22203"}],"collection":[{"href":"https:\/\/zonalimitrofe-cbnr.com\/index.php\/wp-json\/wp\/v2\/posts"}],"about":[{"href":"https:\/\/zonalimitrofe-cbnr.com\/index.php\/wp-json\/wp\/v2\/types\/post"}],"author":[{"embeddable":true,"href":"https:\/\/zonalimitrofe-cbnr.com\/index.php\/wp-json\/wp\/v2\/users\/1"}],"replies":[{"embeddable":true,"href":"https:\/\/zonalimitrofe-cbnr.com\/index.php\/wp-json\/wp\/v2\/comments?post=22203"}],"version-history":[{"count":1,"href":"https:\/\/zonalimitrofe-cbnr.com\/index.php\/wp-json\/wp\/v2\/posts\/22203\/revisions"}],"predecessor-version":[{"id":22205,"href":"https:\/\/zonalimitrofe-cbnr.com\/index.php\/wp-json\/wp\/v2\/posts\/22203\/revisions\/22205"}],"wp:featuredmedia":[{"embeddable":true,"href":"https:\/\/zonalimitrofe-cbnr.com\/index.php\/wp-json\/wp\/v2\/media\/22204"}],"wp:attachment":[{"href":"https:\/\/zonalimitrofe-cbnr.com\/index.php\/wp-json\/wp\/v2\/media?parent=22203"}],"wp:term":[{"taxonomy":"category","embeddable":true,"href":"https:\/\/zonalimitrofe-cbnr.com\/index.php\/wp-json\/wp\/v2\/categories?post=22203"},{"taxonomy":"post_tag","embeddable":true,"href":"https:\/\/zonalimitrofe-cbnr.com\/index.php\/wp-json\/wp\/v2\/tags?post=22203"}],"curies":[{"name":"wp","href":"https:\/\/api.w.org\/{rel}","templated":true}]}}