{"id":22154,"date":"2025-07-02T18:42:45","date_gmt":"2025-07-03T00:42:45","guid":{"rendered":"https:\/\/zonalimitrofe-cbnr.com\/?p=22154"},"modified":"2025-07-02T18:42:45","modified_gmt":"2025-07-03T00:42:45","slug":"torreon-alcalde-revisa-plan-de-atencion-a-lluvias-ademas-destacan-interes-de-otros-estados-en-el-sistema-de-justicia-civica-que-se-implementa-en-torreon","status":"publish","type":"post","link":"https:\/\/zonalimitrofe-cbnr.com\/index.php\/2025\/07\/02\/torreon-alcalde-revisa-plan-de-atencion-a-lluvias-ademas-destacan-interes-de-otros-estados-en-el-sistema-de-justicia-civica-que-se-implementa-en-torreon\/","title":{"rendered":"#Torre\u00f3n. Alcalde revisa Plan de Atenci\u00f3n a Lluvias; adem\u00e1s destacan inter\u00e9s de otros estados en el Sistema de Justicia C\u00edvica que se implementa en Torre\u00f3n"},"content":{"rendered":"\n<p><strong>Torre\u00f3n, Coahuila. A 02 de julio de 2025.-<\/strong> Durante la vig\u00e9sima cuarta reuni\u00f3n semanal de seguridad, el alcalde Rom\u00e1n Alberto Cepeda Gonz\u00e1lez dio seguimiento a las lluvias que se han registrado y que se pronostica contin\u00faen esta semana, e instruy\u00f3 a las dependencias a mantener los recorridos de vigilancia en la ciudad, a fin de acelerar las acciones de desalojo de aguas pluviales, y de ejercer las medidas necesarias para disminuir las afectaciones en pr\u00f3ximas precipitaciones. El Presidente Municipal destac\u00f3 la labor coordinada de las autoridades de los tres niveles de Gobierno, pues desde ayer por la noche se activ\u00f3 el Operativo Especial de emergencias por lluvias, en el cual participaron Protecci\u00f3n Civil y las corporaciones de las Polic\u00edas del Municipio y del Estado, adem\u00e1s de la Guardia Nacional y Ej\u00e9rcito Mexicano, para atender a la poblaci\u00f3n en las diferentes necesidades que requirieron como en movilidad o en sus viviendas. \u201cEs importante estar preparados para las condiciones clim\u00e1ticas t\u00edpicas y at\u00edpicas que puedan presentarse, mantener presencia en todos los sectores de Torre\u00f3n y fortalecer las acciones conjuntas para reducir los tiempos de respuesta en atenci\u00f3n a las diferentes necesidades de la ciudadan\u00eda\u201d, resalt\u00f3. En otro tema, el Alcalde se refiri\u00f3 al Sistema de Justicia C\u00edvica que opera en Torre\u00f3n desde la anterior Administraci\u00f3n, y destac\u00f3 que el Centro de Justica Municipal cuenta con el servicio de Defensor\u00eda de Oficio, y se convierta nuevamente en pionero para otras ciudades y estados que incluso han externado su inter\u00e9s en conocer este modelo, como recientemente lo hizo Colima, a trav\u00e9s del Consejo Ciudadano de Seguridad. Referente al \u00edndice semanal de incidencia delictiva, en representaci\u00f3n del comisario Alfredo Flores Originales, director de la Polic\u00eda de Torre\u00f3n, el director del Grupo de Reacci\u00f3n Torre\u00f3n (GRT), Andr\u00e9s Antonio Torres Padilla, inform\u00f3 que del 24 al 30 de junio disminuy\u00f3 el \u00edndice delictivo en el rubro de robo a casa habitaci\u00f3n, con cinco eventos; robo a veh\u00edculo, con un evento; robo a local comercial, con cuatro eventos; as\u00ed como el robo a transporte p\u00fablico colectivo, con cero eventos.<\/p>\n\n\n\n<p>Adem\u00e1s, el director destac\u00f3 que se sumaron 130 nuevos contactos a los grupos de WhatsApp de los comit\u00e9s vecinales, fortaleciendo as\u00ed la comunicaci\u00f3n directa y la coordinaci\u00f3n entre ciudadan\u00eda y autoridades en materia de seguridad<\/p>\n\n\n\n<p>Resalt\u00f3 tambi\u00e9n la alta efectividad de los binomios caninos en las revisiones en empresas de entrega de paqueter\u00edas para la detecci\u00f3n de drogas.<\/p>\n\n\n\n<p>La Polic\u00eda Municipal efectu\u00f3 79 detenciones que fueron remitidas al Ministerio P\u00fablico y 94 al Juez Calificador.<\/p>\n\n\n\n<p>Martha Esther Rodr\u00edguez Romero, directora del Centro de Justicia Municipal, inform\u00f3 sobre la reuni\u00f3n mensual del Juzgado Colegiado con el objetivo de dar seguimiento puntual a expedientes y fortalecer los mecanismos que agilizan la atenci\u00f3n a la ciudadan\u00eda.<\/p>\n\n\n\n<p>Mencion\u00f3 que con el apoyo del Consejo de Seguridad, contin\u00faan recibiendo donaciones de ropa y calzado en beneficio de las personas detenidas en el Centro de Justicia Municipal.<\/p>\n\n\n\n<p>Acerca de las personas llevadas al centro de detenci\u00f3n temporal, indic\u00f3 que la principal falta corresponde a motivos de intoxicaci\u00f3n.<\/p>\n\n\n\n<p>Luis Alberto Morales Cort\u00e9s, director de Vialidad y Movilidad Urbana, destac\u00f3 la capacitaci\u00f3n sobre diversidad sexual e inclusi\u00f3n que recibieron Agentes de Vialidad, impartida por la Secretar\u00eda del Ayuntamiento y la Secretar\u00eda de Inclusi\u00f3n y Desarrollo Social del Gobierno del Estado de Coahuila, con el objetivo de promover el respeto a los derechos humanos.<\/p>\n\n\n\n<p>Por otro lado, resalt\u00f3 el saldo blanco en el primer jueves Biker\u00b4s de Pikes, en el Aut\u00f3dromo Torre\u00f3n, el cual rebas\u00f3 la expectativa de participaci\u00f3n con m\u00e1s 3 mil 700 asistentes, por lo que se prev\u00e9 una segunda edici\u00f3n.<\/p>\n\n\n\n<p>Dijo que para el resguardo de seguridad, en el evento se involucraron autoridades del municipio y del Estado, adem\u00e1s del apoyo de la Cruz Roja.<\/p>\n\n\n\n<p>Jorge Luis Ju\u00e1rez Llanas, director de Protecci\u00f3n Civil y Bomberos, se\u00f1al\u00f3 que esta semana se atendieron 172 servicios por parte de las diferentes estaciones de la corporaci\u00f3n.<\/p>\n\n\n\n<p>Inform\u00f3 adem\u00e1s que contin\u00faan los recorridos de supervisi\u00f3n en canales de riego, a fin de evitar que las personas ingresen y prevenir situaciones de riesgo.<\/p>\n\n\n\n<p>Tambi\u00e9n habl\u00f3 sobre la revisi\u00f3n a 29 espectaculares, para verificar las condiciones de seguridad.<\/p>\n\n\n\n<p>Pablo Fern\u00e1ndez Llamas, director de Inspecci\u00f3n y Verificaci\u00f3n, inform\u00f3 que los principales reportes que recibi\u00f3 la dependencia mediante el sistema 073, fueron por obstrucci\u00f3n en la v\u00eda p\u00fablica, con 10; y veh\u00edculos chatarra, con 18.<\/p>\n\n\n\n<p>El director dio a conocer sobre una capacitaci\u00f3n sobre primeros auxilios, que recibi\u00f3 el personal de la dependencia a su cargo, por parte de Protecci\u00f3n Civil.<\/p>\n","protected":false},"excerpt":{"rendered":"<p>Torre\u00f3n, Coahuila. A 02 de julio de 2025.- Durante la vig\u00e9sima cuarta reuni\u00f3n semanal de seguridad, el alcalde Rom\u00e1n Alberto Cepeda Gonz\u00e1lez dio seguimiento a las lluvias que se han registrado y que se pronostica contin\u00faen esta semana, e instruy\u00f3 a las dependencias a mantener los recorridos de vigilancia en la ciudad, a fin de [&hellip;]<\/p>\n","protected":false},"author":1,"featured_media":22155,"comment_status":"open","ping_status":"open","sticky":false,"template":"","format":"standard","meta":{"_monsterinsights_skip_tracking":false,"_monsterinsights_sitenote_active":false,"_monsterinsights_sitenote_note":"","_monsterinsights_sitenote_category":0,"footnotes":""},"categories":[1],"tags":[],"_links":{"self":[{"href":"https:\/\/zonalimitrofe-cbnr.com\/index.php\/wp-json\/wp\/v2\/posts\/22154"}],"collection":[{"href":"https:\/\/zonalimitrofe-cbnr.com\/index.php\/wp-json\/wp\/v2\/posts"}],"about":[{"href":"https:\/\/zonalimitrofe-cbnr.com\/index.php\/wp-json\/wp\/v2\/types\/post"}],"author":[{"embeddable":true,"href":"https:\/\/zonalimitrofe-cbnr.com\/index.php\/wp-json\/wp\/v2\/users\/1"}],"replies":[{"embeddable":true,"href":"https:\/\/zonalimitrofe-cbnr.com\/index.php\/wp-json\/wp\/v2\/comments?post=22154"}],"version-history":[{"count":1,"href":"https:\/\/zonalimitrofe-cbnr.com\/index.php\/wp-json\/wp\/v2\/posts\/22154\/revisions"}],"predecessor-version":[{"id":22156,"href":"https:\/\/zonalimitrofe-cbnr.com\/index.php\/wp-json\/wp\/v2\/posts\/22154\/revisions\/22156"}],"wp:featuredmedia":[{"embeddable":true,"href":"https:\/\/zonalimitrofe-cbnr.com\/index.php\/wp-json\/wp\/v2\/media\/22155"}],"wp:attachment":[{"href":"https:\/\/zonalimitrofe-cbnr.com\/index.php\/wp-json\/wp\/v2\/media?parent=22154"}],"wp:term":[{"taxonomy":"category","embeddable":true,"href":"https:\/\/zonalimitrofe-cbnr.com\/index.php\/wp-json\/wp\/v2\/categories?post=22154"},{"taxonomy":"post_tag","embeddable":true,"href":"https:\/\/zonalimitrofe-cbnr.com\/index.php\/wp-json\/wp\/v2\/tags?post=22154"}],"curies":[{"name":"wp","href":"https:\/\/api.w.org\/{rel}","templated":true}]}}