{"id":22151,"date":"2025-07-02T18:36:23","date_gmt":"2025-07-03T00:36:23","guid":{"rendered":"https:\/\/zonalimitrofe-cbnr.com\/?p=22151"},"modified":"2025-07-02T18:36:23","modified_gmt":"2025-07-03T00:36:23","slug":"lerdo-activa-proteccion-civil-operativo-especial-por-lluvias-en-lerdo","status":"publish","type":"post","link":"https:\/\/zonalimitrofe-cbnr.com\/index.php\/2025\/07\/02\/lerdo-activa-proteccion-civil-operativo-especial-por-lluvias-en-lerdo\/","title":{"rendered":"#Lerdo. ACTIVA PROTECCI\u00d3N CIVIL OPERATIVO ESPECIAL POR LLUVIAS EN LERDO*"},"content":{"rendered":"\n<p>Lerdo, 02 de julio 2025.- Por instrucciones del Presidente Municipal Homero Mart\u00ednez Cabrera, la Coordinaci\u00f3n de Protecci\u00f3n Civil y Bomberos de Lerdo activ\u00f3 un operativo especial de atenci\u00f3n a las lluvias registradas en el municipio, tanto en la zona urbana como rural, el cual inici\u00f3 el d\u00eda de ayer alrededor de las 17:30 horas.<\/p>\n\n\n\n<p>La titular de la dependencia, Isabel Mac\u00edas Sifuentes, inform\u00f3 que se atendieron diversos reportes por inundaciones en distintos puntos del municipio. Gracias al trabajo oportuno del personal operativo, se logr\u00f3 evitar que las afectaciones llegaran a mayores.<\/p>\n\n\n\n<p>Entre los servicios atendidos, destacan:<\/p>\n\n\n\n<p>Ejido La Goleta: Se atendi\u00f3 una inundaci\u00f3n dentro de un domicilio. Por lo cual se realizaron maniobras de extracci\u00f3n de agua, se colocaron costales con arena para evitar el ingreso de m\u00e1s agua y se desagu\u00f3 la carretera. El servicio finaliz\u00f3 a las 22:12 horas.<\/p>\n\n\n\n<p>Ejido Juan E. Garc\u00eda: Se report\u00f3 una inundaci\u00f3n en un domicilio. Se realizaron maniobras para desaguar la carretera y evitar que el agua se introdujera en la vivienda. El \u00e1rea afectada fue \u00fanicamente el patio. El servicio concluy\u00f3 a las 23:49 horas.<\/p>\n\n\n\n<p>Colonia Genaro V\u00e1zquez: En la calle Alcatraces, se report\u00f3 acumulaci\u00f3n de agua en la v\u00eda p\u00fablica. Al arribar al lugar, se valor\u00f3 el sitio y se descart\u00f3 riesgo de inundaci\u00f3n al interior del domicilio. Se destap\u00f3 la alcantarilla m\u00e1s pr\u00f3xima para mitigar la acumulaci\u00f3n de agua.<\/p>\n\n\n\n<p>Durante las primeras horas de este mi\u00e9rcoles, se continuar\u00e1n atendiendo reportes ciudadanos de emergencia, en colaboraci\u00f3n con dependencias como SAPAL, Seguridad P\u00fablica, Desarrollo Social, DIF y Tr\u00e1nsito, entre otros.<\/p>\n\n\n\n<p>As\u00ed mismo, se da a conocer que, si es necesario, se puede solicitar el traslado al albergue temporal, ubicado en el nuevo edificio de Protecci\u00f3n Civil y Bomberos.<\/p>\n\n\n\n<p>La Direcci\u00f3n de Protecci\u00f3n Civil y Bomberos hace un llamado a la ciudadan\u00eda a prevenir riesgos durante estas lluvias, evitando transitar por zonas inundadas, y reportando cualquier situaci\u00f3n de peligro al 911. En caso de habitar un domicilio en riesgo de colapso o ubicado cerca de arroyos, se recomienda evacuar de inmediato y tomar las medidas de precauci\u00f3n necesarias.<\/p>\n","protected":false},"excerpt":{"rendered":"<p>Lerdo, 02 de julio 2025.- Por instrucciones del Presidente Municipal Homero Mart\u00ednez Cabrera, la Coordinaci\u00f3n de Protecci\u00f3n Civil y Bomberos de Lerdo activ\u00f3 un operativo especial de atenci\u00f3n a las lluvias registradas en el municipio, tanto en la zona urbana como rural, el cual inici\u00f3 el d\u00eda de ayer alrededor de las 17:30 horas. La [&hellip;]<\/p>\n","protected":false},"author":1,"featured_media":22152,"comment_status":"open","ping_status":"open","sticky":false,"template":"","format":"standard","meta":{"_monsterinsights_skip_tracking":false,"_monsterinsights_sitenote_active":false,"_monsterinsights_sitenote_note":"","_monsterinsights_sitenote_category":0,"footnotes":""},"categories":[1],"tags":[],"_links":{"self":[{"href":"https:\/\/zonalimitrofe-cbnr.com\/index.php\/wp-json\/wp\/v2\/posts\/22151"}],"collection":[{"href":"https:\/\/zonalimitrofe-cbnr.com\/index.php\/wp-json\/wp\/v2\/posts"}],"about":[{"href":"https:\/\/zonalimitrofe-cbnr.com\/index.php\/wp-json\/wp\/v2\/types\/post"}],"author":[{"embeddable":true,"href":"https:\/\/zonalimitrofe-cbnr.com\/index.php\/wp-json\/wp\/v2\/users\/1"}],"replies":[{"embeddable":true,"href":"https:\/\/zonalimitrofe-cbnr.com\/index.php\/wp-json\/wp\/v2\/comments?post=22151"}],"version-history":[{"count":1,"href":"https:\/\/zonalimitrofe-cbnr.com\/index.php\/wp-json\/wp\/v2\/posts\/22151\/revisions"}],"predecessor-version":[{"id":22153,"href":"https:\/\/zonalimitrofe-cbnr.com\/index.php\/wp-json\/wp\/v2\/posts\/22151\/revisions\/22153"}],"wp:featuredmedia":[{"embeddable":true,"href":"https:\/\/zonalimitrofe-cbnr.com\/index.php\/wp-json\/wp\/v2\/media\/22152"}],"wp:attachment":[{"href":"https:\/\/zonalimitrofe-cbnr.com\/index.php\/wp-json\/wp\/v2\/media?parent=22151"}],"wp:term":[{"taxonomy":"category","embeddable":true,"href":"https:\/\/zonalimitrofe-cbnr.com\/index.php\/wp-json\/wp\/v2\/categories?post=22151"},{"taxonomy":"post_tag","embeddable":true,"href":"https:\/\/zonalimitrofe-cbnr.com\/index.php\/wp-json\/wp\/v2\/tags?post=22151"}],"curies":[{"name":"wp","href":"https:\/\/api.w.org\/{rel}","templated":true}]}}