{"id":22139,"date":"2025-07-01T18:02:23","date_gmt":"2025-07-02T00:02:23","guid":{"rendered":"https:\/\/zonalimitrofe-cbnr.com\/?p=22139"},"modified":"2025-07-01T18:02:23","modified_gmt":"2025-07-02T00:02:23","slug":"lerdo-un-exito-campana-de-reforestacion-en-la-loma","status":"publish","type":"post","link":"https:\/\/zonalimitrofe-cbnr.com\/index.php\/2025\/07\/01\/lerdo-un-exito-campana-de-reforestacion-en-la-loma\/","title":{"rendered":"#Lerdo. UN \u00c9XITO CAMPA\u00d1A DE REFORESTACI\u00d3N EN LA LOMA*"},"content":{"rendered":"\n<p>Lerdo, 01 de julio 2025.- A trav\u00e9s de la Campa\u00f1a de Reforestaci\u00f3n \u201cVen y Adopta un \u00e1rbol\u201d, este martes se entregaron 200 ejemplares a los habitantes de Villa La Loma y se plantaron diez \u00e1rboles m\u00e1s en la plaza principal de la comunidad.<\/p>\n\n\n\n<p>El director de Medio Ambiente y Ecolog\u00eda, Ricardo D\u00edaz Segovia, celebr\u00f3 que la campa\u00f1a est\u00e9 teniendo buena aceptaci\u00f3n por parte de la ciudadan\u00eda lerdense, y record\u00f3 que la instrucci\u00f3n del Presidente Municipal Homero Mart\u00ednez Cabrera, es continuar con estas acciones, cruciales para la salud p\u00fablica, ya que influyen directamente en la calidad del aire, el agua y reducen la incidencia de enfermedades.<\/p>\n\n\n\n<p>Adem\u00e1s, el funcionario mencion\u00f3 que el jueves 10 de julio ser\u00e1 el D\u00eda del \u00c1rbol, como un recordatorio de la importancia de preservar estos ejemplares y el suelo en el que crecen.<\/p>\n\n\n\n<p>Se contin\u00faa invitando a la poblaci\u00f3n para estar atenta en las redes sociales del municipio respecto a los pr\u00f3ximos m\u00f3dulos y participar en esta campa\u00f1a para contribuir al cuidado del medio ambiente.<\/p>\n","protected":false},"excerpt":{"rendered":"<p>Lerdo, 01 de julio 2025.- A trav\u00e9s de la Campa\u00f1a de Reforestaci\u00f3n \u201cVen y Adopta un \u00e1rbol\u201d, este martes se entregaron 200 ejemplares a los habitantes de Villa La Loma y se plantaron diez \u00e1rboles m\u00e1s en la plaza principal de la comunidad. El director de Medio Ambiente y Ecolog\u00eda, Ricardo D\u00edaz Segovia, celebr\u00f3 que [&hellip;]<\/p>\n","protected":false},"author":1,"featured_media":22140,"comment_status":"open","ping_status":"open","sticky":false,"template":"","format":"standard","meta":{"_monsterinsights_skip_tracking":false,"_monsterinsights_sitenote_active":false,"_monsterinsights_sitenote_note":"","_monsterinsights_sitenote_category":0,"footnotes":""},"categories":[1],"tags":[],"_links":{"self":[{"href":"https:\/\/zonalimitrofe-cbnr.com\/index.php\/wp-json\/wp\/v2\/posts\/22139"}],"collection":[{"href":"https:\/\/zonalimitrofe-cbnr.com\/index.php\/wp-json\/wp\/v2\/posts"}],"about":[{"href":"https:\/\/zonalimitrofe-cbnr.com\/index.php\/wp-json\/wp\/v2\/types\/post"}],"author":[{"embeddable":true,"href":"https:\/\/zonalimitrofe-cbnr.com\/index.php\/wp-json\/wp\/v2\/users\/1"}],"replies":[{"embeddable":true,"href":"https:\/\/zonalimitrofe-cbnr.com\/index.php\/wp-json\/wp\/v2\/comments?post=22139"}],"version-history":[{"count":1,"href":"https:\/\/zonalimitrofe-cbnr.com\/index.php\/wp-json\/wp\/v2\/posts\/22139\/revisions"}],"predecessor-version":[{"id":22141,"href":"https:\/\/zonalimitrofe-cbnr.com\/index.php\/wp-json\/wp\/v2\/posts\/22139\/revisions\/22141"}],"wp:featuredmedia":[{"embeddable":true,"href":"https:\/\/zonalimitrofe-cbnr.com\/index.php\/wp-json\/wp\/v2\/media\/22140"}],"wp:attachment":[{"href":"https:\/\/zonalimitrofe-cbnr.com\/index.php\/wp-json\/wp\/v2\/media?parent=22139"}],"wp:term":[{"taxonomy":"category","embeddable":true,"href":"https:\/\/zonalimitrofe-cbnr.com\/index.php\/wp-json\/wp\/v2\/categories?post=22139"},{"taxonomy":"post_tag","embeddable":true,"href":"https:\/\/zonalimitrofe-cbnr.com\/index.php\/wp-json\/wp\/v2\/tags?post=22139"}],"curies":[{"name":"wp","href":"https:\/\/api.w.org\/{rel}","templated":true}]}}