{"id":21794,"date":"2025-06-23T17:53:46","date_gmt":"2025-06-23T23:53:46","guid":{"rendered":"https:\/\/zonalimitrofe-cbnr.com\/?p=21794"},"modified":"2025-06-23T17:53:46","modified_gmt":"2025-06-23T23:53:46","slug":"gp-capacita-ayuntamiento-a-agentes-de-vialidad","status":"publish","type":"post","link":"https:\/\/zonalimitrofe-cbnr.com\/index.php\/2025\/06\/23\/gp-capacita-ayuntamiento-a-agentes-de-vialidad\/","title":{"rendered":"#GP. Capacita Ayuntamiento a agentes de Vialidad*"},"content":{"rendered":"\n<p>El Ayuntamiento de G\u00f3mez Palacio, a trav\u00e9s de la Direcci\u00f3n de Tr\u00e1nsito y Vialidad, llev\u00f3 a cabo un curso de capacitaci\u00f3n para 150 elementos, con el objetivo de dotarlos de las herramientas necesarias para brindar una mejor atenci\u00f3n a la ciudadan\u00eda.<\/p>\n\n\n\n<p>Jorge Mendoza Beltr\u00e1n, titular de la corporaci\u00f3n, se\u00f1al\u00f3 que la capacitaci\u00f3n est\u00e1 basada en el enfoque humanista y en el pleno respeto a los derechos humanos, promoviendo acciones de proximidad con la sociedad para mantener la confianza de las y los gomezpalatinos en los agentes de tr\u00e1nsito.<\/p>\n\n\n\n<p>El director de Vialidad manifest\u00f3 que estos cursos se realizan por indicaciones de la Presidenta Municipal, Leticia Herrera Ale, quien ha instruido que los elementos de tr\u00e1nsito ofrezcan a la ciudadan\u00eda una atenci\u00f3n profesional y un trato cordial.<\/p>\n\n\n\n<p>A\u00f1adi\u00f3 que la Direcci\u00f3n de Tr\u00e1nsito y Vialidad fortalece continuamente los conocimientos y habilidades del personal, impulsando programas de formaci\u00f3n continua con el objetivo de contar con agentes cada vez m\u00e1s capacitados y cercanos a la ciudadan\u00eda.<\/p>\n","protected":false},"excerpt":{"rendered":"<p>El Ayuntamiento de G\u00f3mez Palacio, a trav\u00e9s de la Direcci\u00f3n de Tr\u00e1nsito y Vialidad, llev\u00f3 a cabo un curso de capacitaci\u00f3n para 150 elementos, con el objetivo de dotarlos de las herramientas necesarias para brindar una mejor atenci\u00f3n a la ciudadan\u00eda. Jorge Mendoza Beltr\u00e1n, titular de la corporaci\u00f3n, se\u00f1al\u00f3 que la capacitaci\u00f3n est\u00e1 basada en [&hellip;]<\/p>\n","protected":false},"author":1,"featured_media":21795,"comment_status":"open","ping_status":"open","sticky":false,"template":"","format":"standard","meta":{"_monsterinsights_skip_tracking":false,"_monsterinsights_sitenote_active":false,"_monsterinsights_sitenote_note":"","_monsterinsights_sitenote_category":0,"footnotes":""},"categories":[1],"tags":[],"_links":{"self":[{"href":"https:\/\/zonalimitrofe-cbnr.com\/index.php\/wp-json\/wp\/v2\/posts\/21794"}],"collection":[{"href":"https:\/\/zonalimitrofe-cbnr.com\/index.php\/wp-json\/wp\/v2\/posts"}],"about":[{"href":"https:\/\/zonalimitrofe-cbnr.com\/index.php\/wp-json\/wp\/v2\/types\/post"}],"author":[{"embeddable":true,"href":"https:\/\/zonalimitrofe-cbnr.com\/index.php\/wp-json\/wp\/v2\/users\/1"}],"replies":[{"embeddable":true,"href":"https:\/\/zonalimitrofe-cbnr.com\/index.php\/wp-json\/wp\/v2\/comments?post=21794"}],"version-history":[{"count":1,"href":"https:\/\/zonalimitrofe-cbnr.com\/index.php\/wp-json\/wp\/v2\/posts\/21794\/revisions"}],"predecessor-version":[{"id":21796,"href":"https:\/\/zonalimitrofe-cbnr.com\/index.php\/wp-json\/wp\/v2\/posts\/21794\/revisions\/21796"}],"wp:featuredmedia":[{"embeddable":true,"href":"https:\/\/zonalimitrofe-cbnr.com\/index.php\/wp-json\/wp\/v2\/media\/21795"}],"wp:attachment":[{"href":"https:\/\/zonalimitrofe-cbnr.com\/index.php\/wp-json\/wp\/v2\/media?parent=21794"}],"wp:term":[{"taxonomy":"category","embeddable":true,"href":"https:\/\/zonalimitrofe-cbnr.com\/index.php\/wp-json\/wp\/v2\/categories?post=21794"},{"taxonomy":"post_tag","embeddable":true,"href":"https:\/\/zonalimitrofe-cbnr.com\/index.php\/wp-json\/wp\/v2\/tags?post=21794"}],"curies":[{"name":"wp","href":"https:\/\/api.w.org\/{rel}","templated":true}]}}