{"id":21778,"date":"2025-06-23T17:45:19","date_gmt":"2025-06-23T23:45:19","guid":{"rendered":"https:\/\/zonalimitrofe-cbnr.com\/?p=21778"},"modified":"2025-06-23T17:45:19","modified_gmt":"2025-06-23T23:45:19","slug":"durango-gobierno-de-esteban-reconoce-la-labor-de-29-jovenes-medicos-que-concluyen-su-internado-en-el-hospital-nuevo-gomez-palacio","status":"publish","type":"post","link":"https:\/\/zonalimitrofe-cbnr.com\/index.php\/2025\/06\/23\/durango-gobierno-de-esteban-reconoce-la-labor-de-29-jovenes-medicos-que-concluyen-su-internado-en-el-hospital-nuevo-gomez-palacio\/","title":{"rendered":"#Durango. Gobierno de Esteban reconoce la labor de 29 j\u00f3venes m\u00e9dicos que concluyen su internado en el Hospital Nuevo G\u00f3mez Palacio"},"content":{"rendered":"\n<p>\u2022Gobierno de Esteban ofrece la oportunidad a estudiantes de medicina para que vivan una mejor experiencia en su internado<\/p>\n\n\n\n<p>Comarca Lagunera.- Esta ma\u00f1ana, el Hospital Nuevo G\u00f3mez Palacio fue el recinto en el que 29 j\u00f3venes m\u00e9dicos internos de Pregrado de la Facultad de Ciencias de la Salud de la Universidad Ju\u00e1rez del Estado de Durango (UJED) y de la Facultad de Medicina de la Universidad Aut\u00f3noma de Durango (UAD) Campus Laguna recibieron su carta de liberaci\u00f3n, del periodo comprendido de julio 2024 a junio 2025.<\/p>\n\n\n\n<p>En una emotiva ceremonia, se realiz\u00f3 la clausura, la cual fue presidida por el jefe del Hospital Nuevo G\u00f3mez Palacio, H\u00e9ctor Alejandro Olvera Mart\u00ednez; el subdirector del Hospital Nuevo G\u00f3mez Palacio, Javier Cruz Gonz\u00e1lez; la secretaria acad\u00e9mica de la Facultad de Ciencias de la Salud de la UJED; el director de la Facultad de Medicina de la UAD, Jes\u00fas P\u00e1manes Gonz\u00e1lez; as\u00ed como la coordinadora de Ense\u00f1anza de M\u00e9dicos Internos de Pregrado, Martha Leticia Guerrero Medina.<\/p>\n\n\n\n<p>En su intervenci\u00f3n Olvera Mart\u00ednez destac\u00f3, que el gobierno encabezado por Esteban Villegas Villarreal se caracteriza en priorizar la vocaci\u00f3n y preparaci\u00f3n de los j\u00f3venes profesionales en la entidad, adem\u00e1s de generar las condiciones necesarias para que los hospitales duranguenses brinden una atenci\u00f3n \u00f3ptima. &#8220;Reciban el reconocimiento del gobernador Esteban Villegas Villarreal por su destacado desempe\u00f1o&#8221;.<\/p>\n\n\n\n<p>Por ello, en esta administraci\u00f3n estatal, a trav\u00e9s de la Secretar\u00eda de Salud en el Estrado, ampli\u00f3 de ocho a 29 los lugares que se ofrecieron a los m\u00e9dicos laguneros para cursar su internado. \u201cEl internado es un momento en la carrera de un m\u00e9dico que le permite definir la especialidad a la que se inclinar\u00e1, de ah\u00ed la importancia de que intercambien sus conocimientos con j\u00f3venes que vienen de una universidad distinta\u201d, indic\u00f3 Olvera Mart\u00ednez.<\/p>\n\n\n\n<p>\u201cEl internado es una probadita de lo que van a vivir a futuro; hace un a\u00f1o tuve la oportunidad de dirigirme a ustedes y les comentaba que este a\u00f1o era la experiencia que iban a tener ya como m\u00e9dicos con pacientes en donde podr\u00e1n definir a que especialidad van a dedicarse\u201d, apunt\u00f3.<\/p>\n\n\n\n<p>Hizo un reconocimiento a los j\u00f3venes m\u00e9dicos ya que asegur\u00f3 fueron una generaci\u00f3n excelente en la que destacaron 8 m\u00e9dicos que obtuvieron un promedio de 10 cerrado.<\/p>\n\n\n\n<p>Por su parte la coordinadora de Ense\u00f1anza de M\u00e9dicos Internos de Pregrado, Martha Leticia Guerrero agradeci\u00f3 al jefe del Hospital Nuevo G\u00f3mez Palacio, H\u00e9ctor Alejandro Olvera Mart\u00ednez por su respaldo e inter\u00e9s para contribuir a la formaci\u00f3n de los pr\u00f3ximos especialistas, de la destacada generaci\u00f3n de m\u00e9dicos internos, as\u00ed como de su contribuci\u00f3n para el crecimiento del Hospital General de G\u00f3mez Palacio y su personal m\u00e9dico.<\/p>\n\n\n\n<p>\u201cEs un gran orgullo porque en esta generaci\u00f3n fueron 8 primeros lugares con diez limpio, esto nos habla de una muy buena generaci\u00f3n, es muy importante este momento para ellos ya que se les otorga un reconocimiento de manera institucional y tambi\u00e9n a nivel de la poblaci\u00f3n para que conozcan como es la din\u00e1mica de preparaci\u00f3n, compromiso y entrega en la formaci\u00f3n de un m\u00e9dico especialista\u201d, concluy\u00f3.<\/p>\n","protected":false},"excerpt":{"rendered":"<p>\u2022Gobierno de Esteban ofrece la oportunidad a estudiantes de medicina para que vivan una mejor experiencia en su internado Comarca Lagunera.- Esta ma\u00f1ana, el Hospital Nuevo G\u00f3mez Palacio fue el recinto en el que 29 j\u00f3venes m\u00e9dicos internos de Pregrado de la Facultad de Ciencias de la Salud de la Universidad Ju\u00e1rez del Estado de [&hellip;]<\/p>\n","protected":false},"author":1,"featured_media":21779,"comment_status":"open","ping_status":"open","sticky":false,"template":"","format":"standard","meta":{"_monsterinsights_skip_tracking":false,"_monsterinsights_sitenote_active":false,"_monsterinsights_sitenote_note":"","_monsterinsights_sitenote_category":0,"footnotes":""},"categories":[1],"tags":[],"_links":{"self":[{"href":"https:\/\/zonalimitrofe-cbnr.com\/index.php\/wp-json\/wp\/v2\/posts\/21778"}],"collection":[{"href":"https:\/\/zonalimitrofe-cbnr.com\/index.php\/wp-json\/wp\/v2\/posts"}],"about":[{"href":"https:\/\/zonalimitrofe-cbnr.com\/index.php\/wp-json\/wp\/v2\/types\/post"}],"author":[{"embeddable":true,"href":"https:\/\/zonalimitrofe-cbnr.com\/index.php\/wp-json\/wp\/v2\/users\/1"}],"replies":[{"embeddable":true,"href":"https:\/\/zonalimitrofe-cbnr.com\/index.php\/wp-json\/wp\/v2\/comments?post=21778"}],"version-history":[{"count":1,"href":"https:\/\/zonalimitrofe-cbnr.com\/index.php\/wp-json\/wp\/v2\/posts\/21778\/revisions"}],"predecessor-version":[{"id":21780,"href":"https:\/\/zonalimitrofe-cbnr.com\/index.php\/wp-json\/wp\/v2\/posts\/21778\/revisions\/21780"}],"wp:featuredmedia":[{"embeddable":true,"href":"https:\/\/zonalimitrofe-cbnr.com\/index.php\/wp-json\/wp\/v2\/media\/21779"}],"wp:attachment":[{"href":"https:\/\/zonalimitrofe-cbnr.com\/index.php\/wp-json\/wp\/v2\/media?parent=21778"}],"wp:term":[{"taxonomy":"category","embeddable":true,"href":"https:\/\/zonalimitrofe-cbnr.com\/index.php\/wp-json\/wp\/v2\/categories?post=21778"},{"taxonomy":"post_tag","embeddable":true,"href":"https:\/\/zonalimitrofe-cbnr.com\/index.php\/wp-json\/wp\/v2\/tags?post=21778"}],"curies":[{"name":"wp","href":"https:\/\/api.w.org\/{rel}","templated":true}]}}