{"id":21769,"date":"2025-06-23T17:35:15","date_gmt":"2025-06-23T23:35:15","guid":{"rendered":"https:\/\/zonalimitrofe-cbnr.com\/?p=21769"},"modified":"2025-06-23T17:35:15","modified_gmt":"2025-06-23T23:35:15","slug":"lerdo-sera-el-martes-proxima-jornada-de-donacion-de-arboles-en-lerdo","status":"publish","type":"post","link":"https:\/\/zonalimitrofe-cbnr.com\/index.php\/2025\/06\/23\/lerdo-sera-el-martes-proxima-jornada-de-donacion-de-arboles-en-lerdo\/","title":{"rendered":"#Lerdo. SER\u00c1 EL MARTES PR\u00d3XIMA JORNADA DE DONACI\u00d3N DE \u00c1RBOLES EN LERDO*"},"content":{"rendered":"\n<p>Lerdo 23 de junio 2025- El director de Medio Ambiente y Ecolog\u00eda, Ricardo D\u00edaz Segovia comparti\u00f3 que la pr\u00f3xima jornada de la Campa\u00f1a de Reforestaci\u00f3n \u201cVen y adopta un \u00e1rbol\u201d se llevar\u00e1 a cabo el martes 24 de junio del presente a\u00f1o, en el domo de la colonia San Fernando.<\/p>\n\n\n\n<p>El funcionario celebr\u00f3 el compromiso de la ciudadan\u00eda lerdense, pues se han entregado cerca de 500 ejemplares, entre ellos, lila canelo, fresno americano, ping\u00fcico, \u00e1lamo plateado, l\u00e1grima de San Pedro, jacaranda, pirul mexicano, tabach\u00edn, mezquite chileno, frutales y m\u00e1s.<\/p>\n\n\n\n<p>Record\u00f3 que esta jornada de donaci\u00f3n de \u00e1rboles est\u00e1 dirigida a los habitantes de Lerdo, por lo que es importante presentar copia de su identificaci\u00f3n (INE) para comprobar su domicilio en el municipio.<\/p>\n\n\n\n<p>As\u00ed mismo, el personal de Medio Ambiente y Ecolog\u00eda llevar\u00e1 un control de los \u00e1rboles plantados, visitando domicilios y asegur\u00e1ndose de que se le brinden los cuidados adecuados a cada ejemplar.<\/p>\n","protected":false},"excerpt":{"rendered":"<p>Lerdo 23 de junio 2025- El director de Medio Ambiente y Ecolog\u00eda, Ricardo D\u00edaz Segovia comparti\u00f3 que la pr\u00f3xima jornada de la Campa\u00f1a de Reforestaci\u00f3n \u201cVen y adopta un \u00e1rbol\u201d se llevar\u00e1 a cabo el martes 24 de junio del presente a\u00f1o, en el domo de la colonia San Fernando. El funcionario celebr\u00f3 el compromiso [&hellip;]<\/p>\n","protected":false},"author":1,"featured_media":21770,"comment_status":"open","ping_status":"open","sticky":false,"template":"","format":"standard","meta":{"_monsterinsights_skip_tracking":false,"_monsterinsights_sitenote_active":false,"_monsterinsights_sitenote_note":"","_monsterinsights_sitenote_category":0,"footnotes":""},"categories":[1],"tags":[],"_links":{"self":[{"href":"https:\/\/zonalimitrofe-cbnr.com\/index.php\/wp-json\/wp\/v2\/posts\/21769"}],"collection":[{"href":"https:\/\/zonalimitrofe-cbnr.com\/index.php\/wp-json\/wp\/v2\/posts"}],"about":[{"href":"https:\/\/zonalimitrofe-cbnr.com\/index.php\/wp-json\/wp\/v2\/types\/post"}],"author":[{"embeddable":true,"href":"https:\/\/zonalimitrofe-cbnr.com\/index.php\/wp-json\/wp\/v2\/users\/1"}],"replies":[{"embeddable":true,"href":"https:\/\/zonalimitrofe-cbnr.com\/index.php\/wp-json\/wp\/v2\/comments?post=21769"}],"version-history":[{"count":1,"href":"https:\/\/zonalimitrofe-cbnr.com\/index.php\/wp-json\/wp\/v2\/posts\/21769\/revisions"}],"predecessor-version":[{"id":21771,"href":"https:\/\/zonalimitrofe-cbnr.com\/index.php\/wp-json\/wp\/v2\/posts\/21769\/revisions\/21771"}],"wp:featuredmedia":[{"embeddable":true,"href":"https:\/\/zonalimitrofe-cbnr.com\/index.php\/wp-json\/wp\/v2\/media\/21770"}],"wp:attachment":[{"href":"https:\/\/zonalimitrofe-cbnr.com\/index.php\/wp-json\/wp\/v2\/media?parent=21769"}],"wp:term":[{"taxonomy":"category","embeddable":true,"href":"https:\/\/zonalimitrofe-cbnr.com\/index.php\/wp-json\/wp\/v2\/categories?post=21769"},{"taxonomy":"post_tag","embeddable":true,"href":"https:\/\/zonalimitrofe-cbnr.com\/index.php\/wp-json\/wp\/v2\/tags?post=21769"}],"curies":[{"name":"wp","href":"https:\/\/api.w.org\/{rel}","templated":true}]}}