{"id":21762,"date":"2025-06-22T20:07:50","date_gmt":"2025-06-23T02:07:50","guid":{"rendered":"https:\/\/zonalimitrofe-cbnr.com\/?p=21762"},"modified":"2025-06-22T20:07:50","modified_gmt":"2025-06-23T02:07:50","slug":"lerdo-celebran-la-62a-edicion-de-las-regatas-del-rio-nazas-2025","status":"publish","type":"post","link":"https:\/\/zonalimitrofe-cbnr.com\/index.php\/2025\/06\/22\/lerdo-celebran-la-62a-edicion-de-las-regatas-del-rio-nazas-2025\/","title":{"rendered":"#Lerdo. CELEBRAN LA 62\u00aa EDICI\u00d3N DE LAS REGATAS DEL R\u00cdO NAZAS 2025*"},"content":{"rendered":"\n<p>Lerdo, 22 de junio de 2025.\u2013 En un esfuerzo conjunto por preservar la tradicional Regata del R\u00edo Nazas, que une a los municipios de Rodeo, Nazas y Lerdo, el Gobierno Municipal de Ciudad Lerdo brind\u00f3 todas las facilidades para la realizaci\u00f3n de esta edici\u00f3n at\u00edpica, caracterizada por el gran ambiente y entusiasmo de los asistentes que se dieron cita en el Parque Nacional Raymundo.<\/p>\n\n\n\n<p>Por instrucciones del Alcalde Homero Mart\u00ednez Cabrera, y con el objetivo de enmarcar esta actividad recreativa de gran arraigo en La Laguna de Durango, el Gobierno Municipal, en colaboraci\u00f3n con el equipo de la Ing. Susy Torrecillas Salazar \u201cTu fin de semana en Lerdo\u201d, llev\u00f3 a cabo la tercera edici\u00f3n del festival cultural REGATA FEST, que incluy\u00f3 m\u00fasica en vivo de diversos g\u00e9neros, venta de alimentos, bebidas, snacks, as\u00ed como una exposici\u00f3n de veh\u00edculos antiguos.<\/p>\n\n\n\n<p>En cuanto a la actividad deportiva, esta se desarroll\u00f3 de forma simb\u00f3lica y sin car\u00e1cter competitivo, debido al bajo caudal del r\u00edo en esta temporada at\u00edpica. La realizaci\u00f3n anticipada de la regata se dio en el marco del mini ciclo agr\u00edcola 2025. No obstante, esto no impidi\u00f3 que los laguneros se sumaran con entusiasmo, demostrando el compromiso de la Asociaci\u00f3n Estatal de Canotaje por preservar esta hist\u00f3rica competencia, anticipando su regreso el pr\u00f3ximo a\u00f1o si las condiciones del ciclo de riego lo permiten.<\/p>\n\n\n\n<p>Al finalizar el recorrido, los participantes fueron recibidos con aplausos, porras y muestras de apoyo por parte de la presidenta electa Susy Torrecillas, el secretario del Ayuntamiento Eduardo Lara Urby, el director del Deporte en Lerdo Jes\u00fas Balderas Antuna, miembros del comit\u00e9 organizador, familiares, amigos y el p\u00fablico en general, que disfrut\u00f3 de esta jornada dominical nublada y al aire libre en el Parque Nacional Raymundo.<\/p>\n\n\n\n<p>Para garantizar el \u00e9xito y la seguridad del evento, se despleg\u00f3 un amplio operativo encabezado por personal de Protecci\u00f3n Civil y Bomberos, Seguridad P\u00fablica, Tr\u00e1nsito y Vialidad, Medio Ambiente, Salud Municipal y otras dependencias, quienes reportaron un saldo blanco.<\/p>\n","protected":false},"excerpt":{"rendered":"<p>Lerdo, 22 de junio de 2025.\u2013 En un esfuerzo conjunto por preservar la tradicional Regata del R\u00edo Nazas, que une a los municipios de Rodeo, Nazas y Lerdo, el Gobierno Municipal de Ciudad Lerdo brind\u00f3 todas las facilidades para la realizaci\u00f3n de esta edici\u00f3n at\u00edpica, caracterizada por el gran ambiente y entusiasmo de los asistentes [&hellip;]<\/p>\n","protected":false},"author":1,"featured_media":21763,"comment_status":"open","ping_status":"open","sticky":false,"template":"","format":"standard","meta":{"_monsterinsights_skip_tracking":false,"_monsterinsights_sitenote_active":false,"_monsterinsights_sitenote_note":"","_monsterinsights_sitenote_category":0,"footnotes":""},"categories":[1],"tags":[],"_links":{"self":[{"href":"https:\/\/zonalimitrofe-cbnr.com\/index.php\/wp-json\/wp\/v2\/posts\/21762"}],"collection":[{"href":"https:\/\/zonalimitrofe-cbnr.com\/index.php\/wp-json\/wp\/v2\/posts"}],"about":[{"href":"https:\/\/zonalimitrofe-cbnr.com\/index.php\/wp-json\/wp\/v2\/types\/post"}],"author":[{"embeddable":true,"href":"https:\/\/zonalimitrofe-cbnr.com\/index.php\/wp-json\/wp\/v2\/users\/1"}],"replies":[{"embeddable":true,"href":"https:\/\/zonalimitrofe-cbnr.com\/index.php\/wp-json\/wp\/v2\/comments?post=21762"}],"version-history":[{"count":1,"href":"https:\/\/zonalimitrofe-cbnr.com\/index.php\/wp-json\/wp\/v2\/posts\/21762\/revisions"}],"predecessor-version":[{"id":21764,"href":"https:\/\/zonalimitrofe-cbnr.com\/index.php\/wp-json\/wp\/v2\/posts\/21762\/revisions\/21764"}],"wp:featuredmedia":[{"embeddable":true,"href":"https:\/\/zonalimitrofe-cbnr.com\/index.php\/wp-json\/wp\/v2\/media\/21763"}],"wp:attachment":[{"href":"https:\/\/zonalimitrofe-cbnr.com\/index.php\/wp-json\/wp\/v2\/media?parent=21762"}],"wp:term":[{"taxonomy":"category","embeddable":true,"href":"https:\/\/zonalimitrofe-cbnr.com\/index.php\/wp-json\/wp\/v2\/categories?post=21762"},{"taxonomy":"post_tag","embeddable":true,"href":"https:\/\/zonalimitrofe-cbnr.com\/index.php\/wp-json\/wp\/v2\/tags?post=21762"}],"curies":[{"name":"wp","href":"https:\/\/api.w.org\/{rel}","templated":true}]}}