{"id":21753,"date":"2025-06-22T19:53:41","date_gmt":"2025-06-23T01:53:41","guid":{"rendered":"https:\/\/zonalimitrofe-cbnr.com\/?p=21753"},"modified":"2025-06-22T19:53:42","modified_gmt":"2025-06-23T01:53:42","slug":"lerdo-lluvias-en-lerdo-provocan-caida-de-arbol-en-boulevard-miguel-aleman","status":"publish","type":"post","link":"https:\/\/zonalimitrofe-cbnr.com\/index.php\/2025\/06\/22\/lerdo-lluvias-en-lerdo-provocan-caida-de-arbol-en-boulevard-miguel-aleman\/","title":{"rendered":"#Lerdo. LLUVIAS EN LERDO PROVOCAN CA\u00cdDA DE \u00c1RBOL EN BOULEVARD MIGUEL ALEM\u00c1N*"},"content":{"rendered":"\n<p>Lerdo, 22 de junio 2025.\u2013 A causa de las lluvias registradas la noche del s\u00e1bado 21 de junio en el municipio de Lerdo, se report\u00f3 la ca\u00edda de un \u00e1rbol en el boulevard Miguel Alem\u00e1n, a la altura de la plaza Revoluci\u00f3n, alrededor de las 8:30 de la noche.<\/p>\n\n\n\n<p>Afortunadamente, el incidente no caus\u00f3 afectaciones a transe\u00fantes ni a conductores que circulaban por la zona. Sin embargo, como medida preventiva, la Comisi\u00f3n Federal de Electricidad (CFE) realiz\u00f3 el corte temporal de energ\u00eda en el \u00e1rea para evitar posibles percances relacionados con el tendido el\u00e9ctrico.<\/p>\n\n\n\n<p>Las labores de acordonamiento y retiro del \u00e1rbol fueron coordinadas por elementos de Protecci\u00f3n Civil, Bomberos y la Direcci\u00f3n de Tr\u00e1nsito y Vialidad. Una vez concluidos los trabajos, la vialidad fue reabierta a la circulaci\u00f3n de manera segura.<\/p>\n\n\n\n<p>Ante la presencia de lluvias, se exhorta a la ciudadan\u00eda a extremar precauciones, evitar zonas de encharcamiento o con \u00e1rboles de gran tama\u00f1o, y mantenerse informada a trav\u00e9s de los canales oficiales.<\/p>\n\n\n\n<p>Finalmente, se recuerda a la poblaci\u00f3n que, en caso de accidentes viales, ca\u00edda de \u00e1rboles o cualquier situaci\u00f3n de emergencia, deben comunicarse de inmediato al n\u00famero 911 para recibir atenci\u00f3n oportuna.<\/p>\n","protected":false},"excerpt":{"rendered":"<p>Lerdo, 22 de junio 2025.\u2013 A causa de las lluvias registradas la noche del s\u00e1bado 21 de junio en el municipio de Lerdo, se report\u00f3 la ca\u00edda de un \u00e1rbol en el boulevard Miguel Alem\u00e1n, a la altura de la plaza Revoluci\u00f3n, alrededor de las 8:30 de la noche. Afortunadamente, el incidente no caus\u00f3 afectaciones [&hellip;]<\/p>\n","protected":false},"author":1,"featured_media":21754,"comment_status":"open","ping_status":"open","sticky":false,"template":"","format":"standard","meta":{"_monsterinsights_skip_tracking":false,"_monsterinsights_sitenote_active":false,"_monsterinsights_sitenote_note":"","_monsterinsights_sitenote_category":0,"footnotes":""},"categories":[1],"tags":[],"_links":{"self":[{"href":"https:\/\/zonalimitrofe-cbnr.com\/index.php\/wp-json\/wp\/v2\/posts\/21753"}],"collection":[{"href":"https:\/\/zonalimitrofe-cbnr.com\/index.php\/wp-json\/wp\/v2\/posts"}],"about":[{"href":"https:\/\/zonalimitrofe-cbnr.com\/index.php\/wp-json\/wp\/v2\/types\/post"}],"author":[{"embeddable":true,"href":"https:\/\/zonalimitrofe-cbnr.com\/index.php\/wp-json\/wp\/v2\/users\/1"}],"replies":[{"embeddable":true,"href":"https:\/\/zonalimitrofe-cbnr.com\/index.php\/wp-json\/wp\/v2\/comments?post=21753"}],"version-history":[{"count":1,"href":"https:\/\/zonalimitrofe-cbnr.com\/index.php\/wp-json\/wp\/v2\/posts\/21753\/revisions"}],"predecessor-version":[{"id":21755,"href":"https:\/\/zonalimitrofe-cbnr.com\/index.php\/wp-json\/wp\/v2\/posts\/21753\/revisions\/21755"}],"wp:featuredmedia":[{"embeddable":true,"href":"https:\/\/zonalimitrofe-cbnr.com\/index.php\/wp-json\/wp\/v2\/media\/21754"}],"wp:attachment":[{"href":"https:\/\/zonalimitrofe-cbnr.com\/index.php\/wp-json\/wp\/v2\/media?parent=21753"}],"wp:term":[{"taxonomy":"category","embeddable":true,"href":"https:\/\/zonalimitrofe-cbnr.com\/index.php\/wp-json\/wp\/v2\/categories?post=21753"},{"taxonomy":"post_tag","embeddable":true,"href":"https:\/\/zonalimitrofe-cbnr.com\/index.php\/wp-json\/wp\/v2\/tags?post=21753"}],"curies":[{"name":"wp","href":"https:\/\/api.w.org\/{rel}","templated":true}]}}