{"id":21744,"date":"2025-06-22T15:42:16","date_gmt":"2025-06-22T21:42:16","guid":{"rendered":"https:\/\/zonalimitrofe-cbnr.com\/?p=21744"},"modified":"2025-06-22T15:42:16","modified_gmt":"2025-06-22T21:42:16","slug":"torreon-dif-realiza-taller-intervencion-con-hombres-violentos-desde-un-enfoque-feminista-y-critico","status":"publish","type":"post","link":"https:\/\/zonalimitrofe-cbnr.com\/index.php\/2025\/06\/22\/torreon-dif-realiza-taller-intervencion-con-hombres-violentos-desde-un-enfoque-feminista-y-critico\/","title":{"rendered":"#Torre\u00f3n. DIF realiza taller \u201cintervenci\u00f3n con hombres violentos desde un enfoque feminista y cr\u00edtico\u201d"},"content":{"rendered":"\n<p>Torre\u00f3n, Coahuila. A 22 de junio de 2025<\/p>\n\n\n\n<p>El Sistema para el Desarrollo Integral de la Familia (DIF) Torre\u00f3n, en colaboraci\u00f3n con especialistas en intervenci\u00f3n social, llev\u00f3 a cabo el Taller \u201cintervenci\u00f3n con hombres violentos desde un enfoque feminista y cr\u00edtico\u201d, dirigido a psic\u00f3logos, terapeutas, trabajadores sociales y representantes de asociaciones civiles.<\/p>\n\n\n\n<p>El prop\u00f3sito de la actividad fue que los asistentes conocieran los distintos aspectos del pensamiento cr\u00edtico y sus aplicaciones en el trabajo con hombres que ejercen violencia, promoviendo as\u00ed una transformaci\u00f3n profunda de conductas y actitudes dentro de la sociedad.<\/p>\n\n\n\n<p>La Selina Bremer de Cepeda, presidenta honoraria de DIF Torre\u00f3n, reconoci\u00f3 la relevancia de este tipo de espacios formativos que abonan a la construcci\u00f3n de una sociedad m\u00e1s justa, equitativa y libre de violencia.<\/p>\n\n\n\n<p>\u201cEs fundamental trabajar desde el origen de la violencia. Este taller permite abrir conciencia y generar procesos de cambio que fomenten la paz, empezando desde el interior de las familias hasta llegar a toda la comunidad\u201d.<\/p>\n\n\n\n<p>Por su parte, la directora general de DIF Torre\u00f3n, Marlene Mart\u00ednez Vald\u00e9s, resalt\u00f3 que esta iniciativa forma parte de la estrategia del alcalde Rom\u00e1n Alberto Cepeda Gonz\u00e1lez, enfocada en el bienestar social y la erradicaci\u00f3n de las violencias.<\/p>\n\n\n\n<p>\u201cImpulsamos acciones concretas para la prevenci\u00f3n, con una visi\u00f3n integral y humanista. A trav\u00e9s de este tipo de talleres buscamos atender no solo las consecuencias, sino tambi\u00e9n las causas estructurales de la violencia\u201d.<\/p>\n\n\n\n<p>Con este taller, DIF Torre\u00f3n refrenda su compromiso con la prevenci\u00f3n, la justicia social y la construcci\u00f3n de entornos seguros, donde prevalezcan el respeto, la igualdad y la paz como valores fundamentales en la vida cotidiana.<\/p>\n","protected":false},"excerpt":{"rendered":"<p>Torre\u00f3n, Coahuila. A 22 de junio de 2025 El Sistema para el Desarrollo Integral de la Familia (DIF) Torre\u00f3n, en colaboraci\u00f3n con especialistas en intervenci\u00f3n social, llev\u00f3 a cabo el Taller \u201cintervenci\u00f3n con hombres violentos desde un enfoque feminista y cr\u00edtico\u201d, dirigido a psic\u00f3logos, terapeutas, trabajadores sociales y representantes de asociaciones civiles. El prop\u00f3sito de [&hellip;]<\/p>\n","protected":false},"author":1,"featured_media":21745,"comment_status":"open","ping_status":"open","sticky":false,"template":"","format":"standard","meta":{"_monsterinsights_skip_tracking":false,"_monsterinsights_sitenote_active":false,"_monsterinsights_sitenote_note":"","_monsterinsights_sitenote_category":0,"footnotes":""},"categories":[1],"tags":[],"_links":{"self":[{"href":"https:\/\/zonalimitrofe-cbnr.com\/index.php\/wp-json\/wp\/v2\/posts\/21744"}],"collection":[{"href":"https:\/\/zonalimitrofe-cbnr.com\/index.php\/wp-json\/wp\/v2\/posts"}],"about":[{"href":"https:\/\/zonalimitrofe-cbnr.com\/index.php\/wp-json\/wp\/v2\/types\/post"}],"author":[{"embeddable":true,"href":"https:\/\/zonalimitrofe-cbnr.com\/index.php\/wp-json\/wp\/v2\/users\/1"}],"replies":[{"embeddable":true,"href":"https:\/\/zonalimitrofe-cbnr.com\/index.php\/wp-json\/wp\/v2\/comments?post=21744"}],"version-history":[{"count":1,"href":"https:\/\/zonalimitrofe-cbnr.com\/index.php\/wp-json\/wp\/v2\/posts\/21744\/revisions"}],"predecessor-version":[{"id":21746,"href":"https:\/\/zonalimitrofe-cbnr.com\/index.php\/wp-json\/wp\/v2\/posts\/21744\/revisions\/21746"}],"wp:featuredmedia":[{"embeddable":true,"href":"https:\/\/zonalimitrofe-cbnr.com\/index.php\/wp-json\/wp\/v2\/media\/21745"}],"wp:attachment":[{"href":"https:\/\/zonalimitrofe-cbnr.com\/index.php\/wp-json\/wp\/v2\/media?parent=21744"}],"wp:term":[{"taxonomy":"category","embeddable":true,"href":"https:\/\/zonalimitrofe-cbnr.com\/index.php\/wp-json\/wp\/v2\/categories?post=21744"},{"taxonomy":"post_tag","embeddable":true,"href":"https:\/\/zonalimitrofe-cbnr.com\/index.php\/wp-json\/wp\/v2\/tags?post=21744"}],"curies":[{"name":"wp","href":"https:\/\/api.w.org\/{rel}","templated":true}]}}